{"id":2724,"date":"2022-11-07T15:24:17","date_gmt":"2022-11-07T15:24:17","guid":{"rendered":"https:\/\/mihajlaw.com\/?p=2724"},"modified":"2023-03-24T13:12:03","modified_gmt":"2023-03-24T13:12:03","slug":"vladimir-mihaj-i-pag-milano","status":"publish","type":"post","link":"https:\/\/mihajlaw.com\/en\/vladimir-mihaj-i-pag-milano\/","title":{"rendered":"VLADIMIR MIHAJ &amp; PAG MILANO"},"content":{"rendered":"<hr>\n<div>\n<p>    <iframe loading=\"lazy\" src=\"https:\/\/www.linkedin.com\/embed\/feed\/update\/urn:li:ugcPost:6993855848515006464?compact=1\" height=\"399\" width=\"710\" frameborder=\"0\" allowfullscreen=\"\" title=\"Embedded post\"><\/iframe>\n<\/div>\n<h2>NOV. 2022.<\/h2>\n<h1>\n<h1 class=\"uk-margin-small\">INTERVIEW OF VLADIMIR MIHAJ FOR PAG MILANO<\/h1>\n<\/h1>\n<div>| Vladimir Mihaj, Attorney at Law and Founder of <i>MIHAJ LAW<\/i>, had a conversation with Roberto Zoppi, a representative from PAG MILAN.<\/p>\n<p>At the meeting, Vladimir provided insight into the newest progressions in the Serbian economy, as well as the chances that Italian companies may gain by engaging in corporate and tax consulting. One of the key ideas conveyed was Serbia's potential as a emerging market,  located between the East and West.<\/p>\n<p>Office <i>MIHAJ LAW <\/i>, headed by Vladimir, supports numerous Italian companies and collaborating with them on investment and business opportunities in Serbia.<\/div>\n<p>\n    <a href=\"https:\/\/www.linkedin.com\/posts\/pag-milano_pagmilano-serbia-aziendeitaliane-activity-6993856114094166016-K8M2\/?utm_source=share&#038;utm_medium=member_android\">LinkedIn<\/a>\n<\/p>\n<h2>LOKACIJA<\/h2>\n<div>\n<p>44.8179,20.4571<\/p>\n<\/div>\n<div>\n<p>OFFICE <i>MIHAJ LAW <\/i> <br \/> Kneza Mihaila 34\/II<\/p>\n<\/div>\n<div>\n<p>        <img decoding=\"async\" src=\"\/wp-content\/uploads\/2023\/02\/2-DSC_3448-_1-R-KADAR-FIN-copy.png\" alt=\"\"><\/p>\n<h4>AUTHOR<\/h4>\n<p>Aleksandra Radovi\u0107 &#8211; Marjanovi\u0107<\/p>\n<p><a href=\"#\"><\/a><\/p>\n<\/div>\n<h2>VESTI<\/h2>\n<div>\n<\/div>\n<h2>News<\/h2>\n<div>\n<\/div>\n<p><!--more--><br \/>\n<!-- {\"type\":\"layout\",\"children\":[{\"type\":\"section\",\"props\":{\"image_position\":\"center-center\",\"style\":\"default\",\"title_breakpoint\":\"xl\",\"title_position\":\"top-left\",\"title_rotation\":\"left\",\"vertical_align\":\"middle\",\"width\":\"default\"},\"children\":[{\"type\":\"row\",\"props\":{\"column_gap\":\"large\",\"layout\":\"3-4,1-4\"},\"children\":[{\"type\":\"column\",\"props\":{\"image_position\":\"center-center\",\"media_overlay_gradient\":\"\",\"position_sticky_breakpoint\":\"m\",\"width_medium\":\"3-4\",\"width_small\":\"2-3\"},\"children\":[{\"type\":\"divider\",\"props\":{\"divider_element\":\"hr\"}},{\"type\":\"breadcrumbs\",\"props\":{\"margin\":\"small\",\"show_current\":false,\"show_home\":false}},{\"type\":\"html\",\"props\":{\"content\":\"<iframe src=\\\"https:\\\/\\\/www.linkedin.com\\\/embed\\\/feed\\\/update\\\/urn:li:ugcPost:6993855848515006464?compact=1\\\" height=\\\"399\\\" width=\\\"710\\\" frameborder=\\\"0\\\" allowfullscreen=\\\"\\\" title=\\\"Embedded post\\\"><\\\/iframe>\"}},{\"type\":\"headline\",\"props\":{\"content\":\"NOV. 2022.\",\"margin\":\"small\",\"title_color\":\"primary\",\"title_decoration\":\"bullet\",\"title_element\":\"h2\",\"title_style\":\"h5\",\"visibility\":\"m\"},\"name\":\"Headline\"},{\"type\":\"headline\",\"props\":{\"content\":\"\n\n<h1 class=\\\"uk-margin-small\\\">VLADIMIR MIHAJ INTERVJU ZA PAG MILANO<\\\/h1>\",\"margin\":\"default\",\"title_element\":\"h1\"}},{\"type\":\"text\",\"props\":{\"column_breakpoint\":\"m\",\"content\":\"| Advokat Vladimir Mihaj je razgovarao predstavnikom PAG MILANA, gospodinom Zoppi Robertom.<br \/>\\n\\nVladimir  je, pri ovom susretu, dao neke naznake o najnovijim de\\u0161avanjima u srpskoj privredi i o mogu\\u0107nostima koje italijanskim kompanijama pru\\u017ea aktivno delovanje u oblasti korporativnog i poreskog savetovanja. Jedna od glavnih teza koja je bila deo razgovora, je i pozicija Srbije kao rastuc\\u0301e zemlje na raskrsnici izme\\u0111u Istoka i Zapada<\\\/p>\\nKancelarija <i>MIHAJ LAW <\\\/i>, na \\u010delu sa Vladimirom, podr\\u017eava  brojne italijanske kompanije,  i sara\\u0111uje sa njima u vezi  investicionih i poslovnih aktivnosti u Srbiji.\",\"margin\":\"default\"}}]},{\"type\":\"column\",\"props\":{\"image_position\":\"center-center\",\"media_overlay_gradient\":\"\",\"position_sticky_breakpoint\":\"m\",\"width_medium\":\"1-4\",\"width_small\":\"1-3\"},\"children\":[{\"type\":\"button\",\"props\":{\"button_size\":\"large\",\"fullwidth\":true,\"grid_column_gap\":\"small\",\"grid_row_gap\":\"small\",\"margin\":\"default\",\"visibility\":\"m\"},\"children\":[{\"type\":\"button_item\",\"props\":{\"button_style\":\"primary\",\"content\":\"LinkedIn\",\"icon_align\":\"left\",\"link\":\"https:\\\/\\\/www.linkedin.com\\\/posts\\\/pag-milano_pagmilano-serbia-aziendeitaliane-activity-6993856114094166016-K8M2\\\/?utm_source=share&utm_medium=member_android\",\"link_title\":\"\"}}]},{\"type\":\"headline\",\"props\":{\"content\":\"LOKACIJA\",\"title_color\":\"muted\",\"title_decoration\":\"line\",\"title_element\":\"h2\",\"title_style\":\"h5\",\"visibility\":\"m\"},\"name\":\"Headline\"},{\"type\":\"map\",\"props\":{\"controls\":false,\"dragging\":true,\"height\":\"250\",\"image_svg_color\":\"emphasis\",\"link_style\":\"default\",\"link_text\":\"Read more\",\"margin\":\"default\",\"marker_icon\":\"wp-content\\\/uploads\\\/icon-map-marker-accommodation.svg\",\"marker_icon_height\":\"38\",\"marker_icon_width\":\"38\",\"max_zoom\":18,\"meta_align\":\"below-title\",\"meta_element\":\"div\",\"meta_style\":\"text-meta\",\"min_zoom\":\"2\",\"poi\":false,\"popup_max_width\":\"300\",\"show_content\":true,\"show_image\":true,\"show_link\":true,\"show_meta\":true,\"show_title\":true,\"title_element\":\"h3\",\"title_hover_style\":\"reset\",\"title_style\":\"h5\",\"type\":\"roadmap\",\"visibility\":\"m\",\"zoom\":12,\"zooming\":true},\"children\":[{\"type\":\"map_item\",\"props\":{\"hide\":false,\"location\":\"44.8179,20.4571\",\"marker_icon\":\"\"}}]},{\"type\":\"text\",\"props\":{\"column_breakpoint\":\"m\",\"content\":\"\n\n<p>KANCELARIJA <i>MIHAJ LAW <\\\/i> <br \/> Kneza Mihaila 34\\\/II<\\\/p>\",\"margin\":\"small\",\"text_color\":\"muted\",\"text_style\":\"small\"}},{\"type\":\"panel\",\"props\":{\"_condition\":true,\"content\":\"\",\"content_column_breakpoint\":\"m\",\"content_margin\":\"remove\",\"content_style\":\"h6\",\"icon_width\":80,\"image\":\"wp-content\\\/uploads\\\/2023\\\/02\\\/2-DSC_3448-_1-R-KADAR-FIN-copy.png\",\"image_align\":\"left\",\"image_alt\":\"\",\"image_border\":\"circle\",\"image_grid_breakpoint\":\"\",\"image_grid_column_gap\":\"medium\",\"image_grid_width\":\"auto\",\"image_height\":\"90\",\"image_svg_color\":\"emphasis\",\"image_vertical_align\":true,\"image_width\":\"90\",\"link\":\"#\",\"link_style\":\"default\",\"link_text\":\"\",\"margin\":\"default\",\"meta\":\"Aleksandra Radovi\\u0107 - Marjanovi\\u0107\",\"meta_align\":\"below-title\",\"meta_color\":\"muted\",\"meta_element\":\"div\",\"meta_style\":\"text-small\",\"panel_link\":true,\"panel_padding\":\"small\",\"panel_style\":\"tile-muted\",\"title\":\"AUTOR\",\"title_align\":\"top\",\"title_element\":\"h4\",\"title_grid_breakpoint\":\"m\",\"title_grid_width\":\"1-2\",\"title_hover_style\":\"reset\",\"title_style\":\"h5\",\"visibility\":\"m\"}},{\"type\":\"headline\",\"props\":{\"content\":\"VESTI\",\"title_color\":\"muted\",\"title_decoration\":\"line\",\"title_element\":\"h2\",\"title_style\":\"h5\",\"visibility\":\"m\"},\"name\":\"Headline\"},{\"type\":\"text\",\"props\":{\"column_breakpoint\":\"m\",\"content\":\"\",\"margin\":\"small\"}},{\"type\":\"grid\",\"props\":{\"content_column_breakpoint\":\"m\",\"filter_align\":\"left\",\"filter_all\":true,\"filter_grid_breakpoint\":\"m\",\"filter_grid_width\":\"auto\",\"filter_position\":\"top\",\"filter_style\":\"tab\",\"grid_default\":\"1\",\"grid_divider\":true,\"grid_medium\":\"\",\"grid_row_gap\":\"small\",\"icon_width\":\"\",\"image_align\":\"left\",\"image_grid_breakpoint\":\"\",\"image_grid_column_gap\":\"small\",\"image_grid_row_gap\":\"medium\",\"image_grid_width\":\"auto\",\"image_height\":\"80\",\"image_link\":true,\"image_svg_color\":\"emphasis\",\"image_vertical_align\":true,\"image_width\":\"80\",\"item_animation\":true,\"link_style\":\"default\",\"link_text\":\"\",\"margin\":\"default\",\"meta_align\":\"below-title\",\"meta_color\":\"muted\",\"meta_element\":\"div\",\"meta_style\":\"text-small\",\"parallax_easing\":\"1\",\"show_content\":true,\"show_image\":true,\"show_link\":true,\"show_meta\":true,\"show_title\":true,\"title_align\":\"top\",\"title_element\":\"h3\",\"title_grid_breakpoint\":\"m\",\"title_grid_width\":\"1-2\",\"title_hover_style\":\"reset\",\"title_link\":true,\"title_style\":\"h6\",\"visibility\":\"m\"},\"children\":[{\"type\":\"grid_item\",\"source\":{\"query\":{\"name\":\"posts.customPosts\",\"arguments\":{\"terms\":[8],\"category_operator\":\"IN\",\"post_tag_operator\":\"IN\",\"users\":[],\"users_operator\":\"IN\",\"offset\":0,\"limit\":5,\"order\":\"date\",\"order_direction\":\"DESC\"}},\"props\":{\"title\":{\"filters\":{\"search\":\"\"},\"name\":\"title\"},\"meta\":{\"filters\":{\"search\":\"\",\"date\":\"m.Y\"},\"name\":\"date\"},\"image\":{\"filters\":{\"search\":\"\"},\"name\":\"featuredImage.url\"},\"link\":{\"filters\":{\"search\":\"\"},\"name\":\"link\"}}}}],\"name\":\"post sidebar\"}]}]},{\"type\":\"row\",\"children\":[{\"type\":\"column\",\"props\":{\"image_position\":\"center-center\",\"media_overlay_gradient\":\"\",\"position_sticky_breakpoint\":\"m\"},\"children\":[{\"type\":\"headline\",\"props\":{\"content\":\"Vesti\",\"title_decoration\":\"line\",\"title_element\":\"h2\",\"title_style\":\"h4\",\"visibility\":\"hidden-m\"},\"name\":\"Headline\"},{\"type\":\"grid\",\"props\":{\"content_column_breakpoint\":\"m\",\"filter_align\":\"left\",\"filter_all\":true,\"filter_grid_breakpoint\":\"m\",\"filter_grid_width\":\"auto\",\"filter_position\":\"top\",\"filter_style\":\"tab\",\"grid_default\":\"1\",\"grid_divider\":true,\"grid_medium\":\"\",\"grid_row_gap\":\"small\",\"icon_width\":\"\",\"image_align\":\"left\",\"image_grid_breakpoint\":\"\",\"image_grid_column_gap\":\"small\",\"image_grid_row_gap\":\"medium\",\"image_grid_width\":\"auto\",\"image_height\":\"80\",\"image_link\":true,\"image_svg_color\":\"emphasis\",\"image_vertical_align\":true,\"image_width\":\"80\",\"item_animation\":true,\"link_style\":\"default\",\"link_text\":\"\",\"margin\":\"default\",\"meta_align\":\"below-title\",\"meta_element\":\"div\",\"meta_style\":\"text-meta\",\"parallax_easing\":\"1\",\"show_content\":true,\"show_image\":true,\"show_link\":true,\"show_meta\":true,\"show_title\":true,\"title_align\":\"top\",\"title_element\":\"h3\",\"title_grid_breakpoint\":\"m\",\"title_grid_width\":\"1-2\",\"title_hover_style\":\"reset\",\"title_link\":true,\"title_style\":\"h5\",\"visibility\":\"hidden-m\"},\"children\":[{\"type\":\"grid_item\",\"source\":{\"query\":{\"name\":\"posts.customPosts\",\"arguments\":{\"terms\":[8],\"category_operator\":\"IN\",\"post_tag_operator\":\"IN\",\"users\":[],\"users_operator\":\"IN\",\"offset\":0,\"limit\":5,\"order\":\"date\",\"order_direction\":\"DESC\"}},\"props\":{\"title\":{\"filters\":{\"search\":\"\"},\"name\":\"title\"},\"image\":{\"filters\":{\"search\":\"\"},\"name\":\"featuredImage.url\"},\"link\":{\"filters\":{\"search\":\"\"},\"name\":\"link\"},\"meta\":{\"filters\":{\"search\":\"\",\"date\":\"m.Y\"},\"name\":\"date\"}}}}]}]}]}],\"name\":\"00003 post\"}],\"version\":\"3.0.23\"} --><\/p>","protected":false},"excerpt":{"rendered":"<p>NOV. 2022. VLADIMIR MIHAJ INTERVJU ZA PAG MILANO | Advokat Vladimir Mihaj je razgovarao predstavnikom PAG MILANA, gospodinom Zoppi Robertom. Vladimir je, pri ovom susretu, dao neke naznake o najnovijim de\u0161avanjima u srpskoj privredi i o mogu\u0107nostima koje italijanskim kompanijama pru\u017ea aktivno delovanje u oblasti korporativnog i poreskog savetovanja. Jedna od glavnih teza koja je [&hellip;]<\/p>","protected":false},"author":1,"featured_media":5721,"comment_status":"closed","ping_status":"closed","sticky":false,"template":"","format":"standard","meta":[],"categories":[8],"tags":[],"yoast_head":"<!-- This site is optimized with the Yoast SEO plugin v20.3 - https:\/\/yoast.com\/wordpress\/plugins\/seo\/ -->\n<title>VLADIMIR MIHAJ I PAG MILANO | Mihaj Law<\/title>\n<meta name=\"robots\" content=\"index, follow, max-snippet:-1, max-image-preview:large, max-video-preview:-1\" \/>\n<link rel=\"canonical\" href=\"https:\/\/mihajlaw.com\/en\/vladimir-mihaj-i-pag-milano\/\" \/>\n<meta property=\"og:locale\" content=\"en_US\" \/>\n<meta property=\"og:type\" content=\"article\" \/>\n<meta property=\"og:title\" content=\"VLADIMIR MIHAJ I PAG MILANO | Mihaj Law\" \/>\n<meta property=\"og:description\" content=\"NOV. 2022. VLADIMIR MIHAJ INTERVJU ZA PAG MILANO | Advokat Vladimir Mihaj je razgovarao predstavnikom PAG MILANA, gospodinom Zoppi Robertom. Vladimir je, pri ovom susretu, dao neke naznake o najnovijim de\u0161avanjima u srpskoj privredi i o mogu\u0107nostima koje italijanskim kompanijama pru\u017ea aktivno delovanje u oblasti korporativnog i poreskog savetovanja. Jedna od glavnih teza koja je [&hellip;]\" \/>\n<meta property=\"og:url\" content=\"https:\/\/mihajlaw.com\/en\/vladimir-mihaj-i-pag-milano\/\" \/>\n<meta property=\"og:site_name\" content=\"Mihaj Law\" \/>\n<meta property=\"article:published_time\" content=\"2022-11-07T15:24:17+00:00\" \/>\n<meta property=\"article:modified_time\" content=\"2023-03-24T13:12:03+00:00\" \/>\n<meta property=\"og:image\" content=\"https:\/\/mihajlaw.com\/wp-content\/uploads\/2022\/11\/vladimir-mihaj-PAGMILANO-copy-e1679008465508.jpg\" \/>\n\t<meta property=\"og:image:width\" content=\"823\" \/>\n\t<meta property=\"og:image:height\" content=\"686\" \/>\n\t<meta property=\"og:image:type\" content=\"image\/jpeg\" \/>\n<meta name=\"author\" content=\"admin\" \/>\n<meta name=\"twitter:card\" content=\"summary_large_image\" \/>\n<meta name=\"twitter:label1\" content=\"Written by\" \/>\n\t<meta name=\"twitter:data1\" content=\"admin\" \/>\n\t<meta name=\"twitter:label2\" content=\"Est. reading time\" \/>\n\t<meta name=\"twitter:data2\" content=\"2 minutes\" \/>\n<script type=\"application\/ld+json\" class=\"yoast-schema-graph\">{\"@context\":\"https:\/\/schema.org\",\"@graph\":[{\"@type\":\"Article\",\"@id\":\"https:\/\/mihajlaw.com\/vladimir-mihaj-i-pag-milano\/#article\",\"isPartOf\":{\"@id\":\"https:\/\/mihajlaw.com\/vladimir-mihaj-i-pag-milano\/\"},\"author\":{\"name\":\"admin\",\"@id\":\"https:\/\/mihajlaw.com\/#\/schema\/person\/bacc49e0f3fb6b7ad305d35f0ca12f32\"},\"headline\":\"VLADIMIR MIHAJ I PAG MILANO\",\"datePublished\":\"2022-11-07T15:24:17+00:00\",\"dateModified\":\"2023-03-24T13:12:03+00:00\",\"mainEntityOfPage\":{\"@id\":\"https:\/\/mihajlaw.com\/vladimir-mihaj-i-pag-milano\/\"},\"wordCount\":119,\"publisher\":{\"@id\":\"https:\/\/mihajlaw.com\/#organization\"},\"articleSection\":[\"Vesti\"],\"inLanguage\":\"en-US\"},{\"@type\":\"WebPage\",\"@id\":\"https:\/\/mihajlaw.com\/vladimir-mihaj-i-pag-milano\/\",\"url\":\"https:\/\/mihajlaw.com\/vladimir-mihaj-i-pag-milano\/\",\"name\":\"VLADIMIR MIHAJ I PAG MILANO | Mihaj Law\",\"isPartOf\":{\"@id\":\"https:\/\/mihajlaw.com\/#website\"},\"datePublished\":\"2022-11-07T15:24:17+00:00\",\"dateModified\":\"2023-03-24T13:12:03+00:00\",\"breadcrumb\":{\"@id\":\"https:\/\/mihajlaw.com\/vladimir-mihaj-i-pag-milano\/#breadcrumb\"},\"inLanguage\":\"en-US\",\"potentialAction\":[{\"@type\":\"ReadAction\",\"target\":[\"https:\/\/mihajlaw.com\/vladimir-mihaj-i-pag-milano\/\"]}]},{\"@type\":\"BreadcrumbList\",\"@id\":\"https:\/\/mihajlaw.com\/vladimir-mihaj-i-pag-milano\/#breadcrumb\",\"itemListElement\":[{\"@type\":\"ListItem\",\"position\":1,\"name\":\"Home\",\"item\":\"https:\/\/mihajlaw.com\/\"},{\"@type\":\"ListItem\",\"position\":2,\"name\":\"VLADIMIR MIHAJ I PAG MILANO\"}]},{\"@type\":\"WebSite\",\"@id\":\"https:\/\/mihajlaw.com\/#website\",\"url\":\"https:\/\/mihajlaw.com\/\",\"name\":\"Mihaj Law\",\"description\":\"ADVOKATURA PO MERI KLIJENTA\",\"publisher\":{\"@id\":\"https:\/\/mihajlaw.com\/#organization\"},\"potentialAction\":[{\"@type\":\"SearchAction\",\"target\":{\"@type\":\"EntryPoint\",\"urlTemplate\":\"https:\/\/mihajlaw.com\/?s={search_term_string}\"},\"query-input\":\"required name=search_term_string\"}],\"inLanguage\":\"en-US\"},{\"@type\":\"Organization\",\"@id\":\"https:\/\/mihajlaw.com\/#organization\",\"name\":\"MIHAJ LAW\",\"url\":\"https:\/\/mihajlaw.com\/\",\"logo\":{\"@type\":\"ImageObject\",\"inLanguage\":\"en-US\",\"@id\":\"https:\/\/mihajlaw.com\/#\/schema\/logo\/image\/\",\"url\":\"https:\/\/mihajlaw.com\/wp-content\/uploads\/2023\/03\/mijhaj-law-logo-e1678916398425.jpg\",\"contentUrl\":\"https:\/\/mihajlaw.com\/wp-content\/uploads\/2023\/03\/mijhaj-law-logo-e1678916398425.jpg\",\"width\":1373,\"height\":641,\"caption\":\"MIHAJ LAW\"},\"image\":{\"@id\":\"https:\/\/mihajlaw.com\/#\/schema\/logo\/image\/\"}},{\"@type\":\"Person\",\"@id\":\"https:\/\/mihajlaw.com\/#\/schema\/person\/bacc49e0f3fb6b7ad305d35f0ca12f32\",\"name\":\"admin\",\"image\":{\"@type\":\"ImageObject\",\"inLanguage\":\"en-US\",\"@id\":\"https:\/\/mihajlaw.com\/#\/schema\/person\/image\/\",\"url\":\"https:\/\/secure.gravatar.com\/avatar\/364084f025f3e59455c2c2e9fc970f2f?s=96&d=mm&r=g\",\"contentUrl\":\"https:\/\/secure.gravatar.com\/avatar\/364084f025f3e59455c2c2e9fc970f2f?s=96&d=mm&r=g\",\"caption\":\"admin\"},\"sameAs\":[\"https:\/\/mihajlaw.com\"],\"url\":\"https:\/\/mihajlaw.com\/en\/author\/mihadmin\/\"}]}<\/script>\n<!-- \/ Yoast SEO plugin. -->","yoast_head_json":{"title":"VLADIMIR MIHAJ I PAG MILANO | Mihaj Law","robots":{"index":"index","follow":"follow","max-snippet":"max-snippet:-1","max-image-preview":"max-image-preview:large","max-video-preview":"max-video-preview:-1"},"canonical":"https:\/\/mihajlaw.com\/en\/vladimir-mihaj-i-pag-milano\/","og_locale":"en_US","og_type":"article","og_title":"VLADIMIR MIHAJ I PAG MILANO | Mihaj Law","og_description":"NOV. 2022. VLADIMIR MIHAJ INTERVJU ZA PAG MILANO | Advokat Vladimir Mihaj je razgovarao predstavnikom PAG MILANA, gospodinom Zoppi Robertom. Vladimir je, pri ovom susretu, dao neke naznake o najnovijim de\u0161avanjima u srpskoj privredi i o mogu\u0107nostima koje italijanskim kompanijama pru\u017ea aktivno delovanje u oblasti korporativnog i poreskog savetovanja. Jedna od glavnih teza koja je [&hellip;]","og_url":"https:\/\/mihajlaw.com\/en\/vladimir-mihaj-i-pag-milano\/","og_site_name":"Mihaj Law","article_published_time":"2022-11-07T15:24:17+00:00","article_modified_time":"2023-03-24T13:12:03+00:00","og_image":[{"width":823,"height":686,"url":"https:\/\/mihajlaw.com\/wp-content\/uploads\/2022\/11\/vladimir-mihaj-PAGMILANO-copy-e1679008465508.jpg","type":"image\/jpeg"}],"author":"admin","twitter_card":"summary_large_image","twitter_misc":{"Written by":"admin","Est. reading time":"2 minutes"},"schema":{"@context":"https:\/\/schema.org","@graph":[{"@type":"Article","@id":"https:\/\/mihajlaw.com\/vladimir-mihaj-i-pag-milano\/#article","isPartOf":{"@id":"https:\/\/mihajlaw.com\/vladimir-mihaj-i-pag-milano\/"},"author":{"name":"admin","@id":"https:\/\/mihajlaw.com\/#\/schema\/person\/bacc49e0f3fb6b7ad305d35f0ca12f32"},"headline":"VLADIMIR MIHAJ I PAG MILANO","datePublished":"2022-11-07T15:24:17+00:00","dateModified":"2023-03-24T13:12:03+00:00","mainEntityOfPage":{"@id":"https:\/\/mihajlaw.com\/vladimir-mihaj-i-pag-milano\/"},"wordCount":119,"publisher":{"@id":"https:\/\/mihajlaw.com\/#organization"},"articleSection":["Vesti"],"inLanguage":"en-US"},{"@type":"WebPage","@id":"https:\/\/mihajlaw.com\/vladimir-mihaj-i-pag-milano\/","url":"https:\/\/mihajlaw.com\/vladimir-mihaj-i-pag-milano\/","name":"VLADIMIR MIHAJ I PAG MILANO | Mihaj Law","isPartOf":{"@id":"https:\/\/mihajlaw.com\/#website"},"datePublished":"2022-11-07T15:24:17+00:00","dateModified":"2023-03-24T13:12:03+00:00","breadcrumb":{"@id":"https:\/\/mihajlaw.com\/vladimir-mihaj-i-pag-milano\/#breadcrumb"},"inLanguage":"en-US","potentialAction":[{"@type":"ReadAction","target":["https:\/\/mihajlaw.com\/vladimir-mihaj-i-pag-milano\/"]}]},{"@type":"BreadcrumbList","@id":"https:\/\/mihajlaw.com\/vladimir-mihaj-i-pag-milano\/#breadcrumb","itemListElement":[{"@type":"ListItem","position":1,"name":"Home","item":"https:\/\/mihajlaw.com\/"},{"@type":"ListItem","position":2,"name":"VLADIMIR MIHAJ I PAG MILANO"}]},{"@type":"WebSite","@id":"https:\/\/mihajlaw.com\/#website","url":"https:\/\/mihajlaw.com\/","name":"Mihaj Law","description":"ADVOKATURA PO MERI KLIJENTA","publisher":{"@id":"https:\/\/mihajlaw.com\/#organization"},"potentialAction":[{"@type":"SearchAction","target":{"@type":"EntryPoint","urlTemplate":"https:\/\/mihajlaw.com\/?s={search_term_string}"},"query-input":"required name=search_term_string"}],"inLanguage":"en-US"},{"@type":"Organization","@id":"https:\/\/mihajlaw.com\/#organization","name":"MIHAJ LAW","url":"https:\/\/mihajlaw.com\/","logo":{"@type":"ImageObject","inLanguage":"en-US","@id":"https:\/\/mihajlaw.com\/#\/schema\/logo\/image\/","url":"https:\/\/mihajlaw.com\/wp-content\/uploads\/2023\/03\/mijhaj-law-logo-e1678916398425.jpg","contentUrl":"https:\/\/mihajlaw.com\/wp-content\/uploads\/2023\/03\/mijhaj-law-logo-e1678916398425.jpg","width":1373,"height":641,"caption":"MIHAJ LAW"},"image":{"@id":"https:\/\/mihajlaw.com\/#\/schema\/logo\/image\/"}},{"@type":"Person","@id":"https:\/\/mihajlaw.com\/#\/schema\/person\/bacc49e0f3fb6b7ad305d35f0ca12f32","name":"admin","image":{"@type":"ImageObject","inLanguage":"en-US","@id":"https:\/\/mihajlaw.com\/#\/schema\/person\/image\/","url":"https:\/\/secure.gravatar.com\/avatar\/364084f025f3e59455c2c2e9fc970f2f?s=96&d=mm&r=g","contentUrl":"https:\/\/secure.gravatar.com\/avatar\/364084f025f3e59455c2c2e9fc970f2f?s=96&d=mm&r=g","caption":"admin"},"sameAs":["https:\/\/mihajlaw.com"],"url":"https:\/\/mihajlaw.com\/en\/author\/mihadmin\/"}]}},"_links":{"self":[{"href":"https:\/\/mihajlaw.com\/en\/wp-json\/wp\/v2\/posts\/2724"}],"collection":[{"href":"https:\/\/mihajlaw.com\/en\/wp-json\/wp\/v2\/posts"}],"about":[{"href":"https:\/\/mihajlaw.com\/en\/wp-json\/wp\/v2\/types\/post"}],"author":[{"embeddable":true,"href":"https:\/\/mihajlaw.com\/en\/wp-json\/wp\/v2\/users\/1"}],"replies":[{"embeddable":true,"href":"https:\/\/mihajlaw.com\/en\/wp-json\/wp\/v2\/comments?post=2724"}],"version-history":[{"count":62,"href":"https:\/\/mihajlaw.com\/en\/wp-json\/wp\/v2\/posts\/2724\/revisions"}],"predecessor-version":[{"id":5847,"href":"https:\/\/mihajlaw.com\/en\/wp-json\/wp\/v2\/posts\/2724\/revisions\/5847"}],"wp:featuredmedia":[{"embeddable":true,"href":"https:\/\/mihajlaw.com\/en\/wp-json\/wp\/v2\/media\/5721"}],"wp:attachment":[{"href":"https:\/\/mihajlaw.com\/en\/wp-json\/wp\/v2\/media?parent=2724"}],"wp:term":[{"taxonomy":"category","embeddable":true,"href":"https:\/\/mihajlaw.com\/en\/wp-json\/wp\/v2\/categories?post=2724"},{"taxonomy":"post_tag","embeddable":true,"href":"https:\/\/mihajlaw.com\/en\/wp-json\/wp\/v2\/tags?post=2724"}],"curies":[{"name":"wp","href":"https:\/\/api.w.org\/{rel}","templated":true}]}}