{"id":5986,"date":"2023-04-22T17:57:31","date_gmt":"2023-04-22T17:57:31","guid":{"rendered":"https:\/\/mihajlaw.com\/?p=5986"},"modified":"2023-04-24T19:55:05","modified_gmt":"2023-04-24T19:55:05","slug":"forum-za-poslovnu-i-naucnu-saradnju-srbije-i-italije","status":"publish","type":"post","link":"https:\/\/mihajlaw.com\/en\/forum-za-poslovnu-i-naucnu-saradnju-srbije-i-italije\/","title":{"rendered":"BUSINESS FORUM OF SERBIA AND ITALY"},"content":{"rendered":"<hr>\n<ul>\n<li>\n<p>        <img decoding=\"async\" src=\"\/wp-content\/uploads\/2023\/04\/blog-6-slika-2.jpg\" alt=\"\"><\/p>\n<\/li>\n<li>\n<p>        <img decoding=\"async\" src=\"\/wp-content\/uploads\/2023\/04\/blog-6-slika-3.jpg\" alt=\"\"><\/p>\n<\/li>\n<li>\n<p>        <img decoding=\"async\" src=\"\/wp-content\/uploads\/2023\/04\/blog-6.jpg\" alt=\"\"><\/p>\n<\/li>\n<li>\n<p>        <img decoding=\"async\" src=\"\/wp-content\/uploads\/2023\/04\/Italija_Srbija_zastave_-e1682366052673.jpg\" alt=\"\"><\/p>\n<\/li>\n<\/ul>\n<h2>21. MAR. 2023.<\/h2>\n<h1>\n<h1 class=\"uk-margin-small\">BUSINESS FORUM OF SERBIA AND ITALY<\/h1>\n<\/h1>\n<div>| Our lawyer Vladimir Mihaj ,in the Palace of Serbia, participate to the  official visit of the Italian state-economic delegation to Serbia, in the presence of the President of Serbia, Aleksandar Vu\u010di\u0107. On that occasion, 11 documents were signed on cooperation between the two countries and further improvement of economic and scientific relations.<br> <\/p>\n<p>\u2013 Joint statement on cooperation between the two countries<br \/>\nAgreement on film co-production\u00a0between the Government of Serbia and the Government of Italy<br \/>\nAgreement between the two Governments on the mutual recognition and exchange of driver\u2019s licenses\u00a0<br \/>\nMemorandum of Understanding between the Ministry of Construction, Transport and Infrastructure and the Ministry of Infrastructure and Transport of Italy\u00a0on cooperation in the field of transport<br \/>\n&#8211; Memorandum o razumevanju izme\u0111u Vlade Srbije i Agencije za osiguranje poslova spoljne trgovine SACE;<br \/>\nMemorandum of Understanding between the Government of Serbia and the Agency for Insurance of Foreign Trade Affairs SACE\u00a0<br \/>\n\u00a0Memorandum of Understanding between the Government of Serbia and the bank Casa Depositi e Prestiti<br \/>\n&#8211; Memorandum o saradnji izme\u0111u Privredne komore Srbije i Konfederacije italijanske industrije u Srbiji;<br \/>\n&#8211; Memorandum o razumevanju u oblasti poljoprivrede i prehrambene industrije;<br \/>\n&#8211; Memorandum o razumevanju na poljoprivrednom istra\u017eivanju i saradnji izme\u0111u Istra\u017eiva\u010dko-razvojnog instituta za informacione tehnologije biosistema Srbije Biosens i Saveta za poljoprivredna i ekonomska istra\u017eivanja Republike Italije;<br \/>\n&#8211; Memorandum o razumevanju izme\u0111u Srpskog udru\u017eenja in\u017eenjera konsultanata i Italijanskog udru\u017eenja in\u017eenjerskih, arhitektonskih i tehni\u010dko-ekonomskih konsultantskih organizaciji.<\/p>\n<p>Predsednik Vu\u010di\u0107 je zaklju\u010dio da smo u poslednjih 10 godina udvostru\u010dili spoljnotrgovinsku razmenu sa Italijom, i ona je danas na nivou od oko 4,6 milijardi evra, a da \u0107e ta razmena biti neuporedivo ve\u0107a kada se slede\u0107e godine otvori Stelantisova proizvodnja modernih, gradskih, elektri\u010dnih automobila u Kragujevcu.<\/p><\/div>\n<div>\n<p>        <img decoding=\"async\" src=\"\/wp-content\/uploads\/2023\/02\/2-DSC_3448-_1-R-KADAR-FIN-copy.png\" alt=\"\"><\/p>\n<h4>AUTHOR<\/h4>\n<p>Aleksandra Radovi\u0107 &#8211; Marjanovi\u0107<\/p>\n<p><a href=\"#\"><\/a><\/p>\n<\/div>\n<h2>VESTI<\/h2>\n<div>\n<\/div>\n<h2>News<\/h2>\n<div>\n<\/div>\n<p><!--more--><br \/>\n<!-- {\"type\":\"layout\",\"children\":[{\"type\":\"section\",\"props\":{\"image_position\":\"center-center\",\"style\":\"default\",\"title_breakpoint\":\"xl\",\"title_position\":\"top-left\",\"title_rotation\":\"left\",\"vertical_align\":\"middle\",\"width\":\"default\"},\"children\":[{\"type\":\"row\",\"props\":{\"column_gap\":\"large\",\"layout\":\"3-4,1-4\"},\"children\":[{\"type\":\"column\",\"props\":{\"image_position\":\"center-center\",\"media_overlay_gradient\":\"\",\"position_sticky_breakpoint\":\"m\",\"width_medium\":\"3-4\",\"width_small\":\"2-3\"},\"children\":[{\"type\":\"divider\",\"props\":{\"divider_element\":\"hr\"}},{\"type\":\"breadcrumbs\",\"props\":{\"margin\":\"small\",\"show_current\":false,\"show_home\":false}},{\"type\":\"gallery\",\"props\":{\"filter_align\":\"left\",\"filter_all\":true,\"filter_grid_breakpoint\":\"m\",\"filter_grid_width\":\"auto\",\"filter_position\":\"top\",\"filter_style\":\"tab\",\"grid_column_gap\":\"small\",\"grid_default\":\"1\",\"grid_medium\":\"\",\"grid_row_gap\":\"small\",\"grid_small\":\"2\",\"image_loading\":true,\"image_width\":\"610\",\"item_animation\":true,\"link_style\":\"default\",\"link_text\":\"Read more\",\"margin\":\"\",\"meta_align\":\"below-title\",\"meta_element\":\"div\",\"meta_style\":\"text-meta\",\"overlay_hover\":true,\"overlay_mode\":\"cover\",\"overlay_position\":\"center\",\"overlay_style\":\"\",\"overlay_transition\":\"fade\",\"parallax_easing\":\"1\",\"show_content\":true,\"show_hover_image\":true,\"show_link\":true,\"show_meta\":true,\"show_title\":false,\"text_align\":\"center\",\"text_color\":\"light\",\"title_element\":\"h3\",\"title_hover_style\":\"reset\"},\"children\":[{\"type\":\"gallery_item\",\"props\":{\"image\":\"wp-content\\\/uploads\\\/2023\\\/04\\\/blog-6-slika-2.jpg\",\"title\":\"\"}},{\"type\":\"gallery_item\",\"props\":{\"image\":\"wp-content\\\/uploads\\\/2023\\\/04\\\/blog-6-slika-3.jpg\",\"title\":\"\"}},{\"type\":\"gallery_item\",\"props\":{\"image\":\"wp-content\\\/uploads\\\/2023\\\/04\\\/blog-6.jpg\",\"title\":\"\"}},{\"type\":\"gallery_item\",\"props\":{\"image\":\"wp-content\\\/uploads\\\/2023\\\/04\\\/Italija_Srbija_zastave_-e1682366052673.jpg\",\"title\":\"\"}}]},{\"type\":\"headline\",\"props\":{\"content\":\"21. MAR. 2023.\",\"margin\":\"small\",\"title_color\":\"primary\",\"title_decoration\":\"bullet\",\"title_element\":\"h2\",\"title_style\":\"h5\",\"visibility\":\"m\"},\"name\":\"Headline\"},{\"type\":\"headline\",\"props\":{\"content\":\"\n\n<h1 class=\\\"uk-margin-small\\\">FORUM ZA POSLOVNU I NAU\\u010cNU SARADNJU SRBIJE I ITALIJE<\\\/h1>\",\"margin\":\"default\",\"title_element\":\"h1\"}},{\"type\":\"text\",\"props\":{\"column_breakpoint\":\"m\",\"content\":\"| Na\\u0161 advokat Vladimir Mihaj, je u palati Srbije, prisustvovao zvani\\u010dnoj poseti  italijanske dr\\u017eavno ekonomske delegacije Srbiji, u prisustvu predsednika Srbije, Aleksandra Vu\\u010di\\u0107a i drugih visokih predstavnika vlade Srbije. Tom prilikom potpisana su 11 dokumenata o saradnji izme\\u0111u dve zemlje i daljem unapre\\u0111ivanju ekonomskih odnosa i nau\\u010dne saradnje. <br \/>\\n\\n- Zajedni\\u010dku izjavu o saradnji dve zemlje;<br \/>\\n- Sporazum o filmskoj koprodukciji izme\\u0111u Vlade - Srbije i Vlade Italije;<br \/>\\n- Sporazum izme\\u0111u dve vlade o uzajamnom priznavanju i zameni voza\\u010dkih dozvola;<br \/>\\n- Memorandum o razumevanju izme\\u0111u Ministarstva gra\\u0111evinarstva, saobra\\u0107aja i infrastrukture i Ministarstva infrastrukture i transporta Italije o saradnji u oblasti transportne infrastrukture;<br \/>\\n- Memorandum o razumevanju izme\\u0111u Vlade Srbije i Agencije za osiguranje poslova spoljne trgovine SACE;<br \/>\\n- Memorandum o razumevanju izme\\u0111u Vlade Srbije i Instituta za internacionalizaciju italijanskih kompanija SIMEST;<br \/>\\n- Memorandum o razumevanju izme\\u0111u Vlade Srbije i banke Casa Depositi e Prestiti;<br \/>\\n- Memorandum o saradnji izme\\u0111u Privredne komore Srbije i Konfederacije italijanske industrije u Srbiji;<br \/>\\n- Memorandum o razumevanju u oblasti poljoprivrede i prehrambene industrije;<br \/>\\n- Memorandum o razumevanju na poljoprivrednom istra\\u017eivanju i saradnji izme\\u0111u Istra\\u017eiva\\u010dko-razvojnog instituta za informacione tehnologije biosistema Srbije Biosens i Saveta za poljoprivredna i ekonomska istra\\u017eivanja Republike Italije;<br \/>\\n- Memorandum o razumevanju izme\\u0111u Srpskog udru\\u017eenja in\\u017eenjera konsultanata i Italijanskog udru\\u017eenja in\\u017eenjerskih, arhitektonskih i tehni\\u010dko-ekonomskih konsultantskih organizaciji.\\n\\n<\\\/p>\\nPredsednik Vu\\u010di\\u0107 je zaklju\\u010dio da smo u poslednjih 10 godina udvostru\\u010dili spoljnotrgovinsku razmenu sa Italijom, i ona je danas na nivou od oko 4,6 milijardi evra, a da \\u0107e ta razmena biti neuporedivo ve\\u0107a kada se slede\\u0107e godine otvori Stelantisova proizvodnja modernih, gradskih, elektri\\u010dnih automobila u Kragujevcu.\",\"dropcap\":false,\"margin\":\"default\"}}]},{\"type\":\"column\",\"props\":{\"image_position\":\"center-center\",\"media_overlay_gradient\":\"\",\"position_sticky_breakpoint\":\"m\",\"width_medium\":\"1-4\",\"width_small\":\"1-3\"},\"children\":[{\"type\":\"panel\",\"props\":{\"_condition\":true,\"content\":\"\",\"content_column_breakpoint\":\"m\",\"content_margin\":\"remove\",\"content_style\":\"h6\",\"icon_width\":80,\"image\":\"wp-content\\\/uploads\\\/2023\\\/02\\\/2-DSC_3448-_1-R-KADAR-FIN-copy.png\",\"image_align\":\"left\",\"image_alt\":\"\",\"image_border\":\"circle\",\"image_grid_breakpoint\":\"\",\"image_grid_column_gap\":\"medium\",\"image_grid_width\":\"auto\",\"image_height\":\"90\",\"image_svg_color\":\"emphasis\",\"image_vertical_align\":true,\"image_width\":\"90\",\"link\":\"#\",\"link_style\":\"default\",\"link_text\":\"\",\"margin\":\"default\",\"meta\":\"Aleksandra Radovi\\u0107 - Marjanovi\\u0107\",\"meta_align\":\"below-title\",\"meta_color\":\"muted\",\"meta_element\":\"div\",\"meta_style\":\"text-small\",\"panel_link\":true,\"panel_padding\":\"small\",\"panel_style\":\"tile-muted\",\"title\":\"AUTOR\",\"title_align\":\"top\",\"title_element\":\"h4\",\"title_grid_breakpoint\":\"m\",\"title_grid_width\":\"1-2\",\"title_hover_style\":\"reset\",\"title_style\":\"h5\",\"visibility\":\"m\"}},{\"type\":\"headline\",\"props\":{\"content\":\"VESTI\",\"title_color\":\"muted\",\"title_decoration\":\"line\",\"title_element\":\"h2\",\"title_style\":\"h5\",\"visibility\":\"m\"},\"name\":\"Headline\"},{\"type\":\"text\",\"props\":{\"column_breakpoint\":\"m\",\"content\":\"\",\"margin\":\"small\"}},{\"type\":\"grid\",\"props\":{\"content_column_breakpoint\":\"m\",\"filter_align\":\"left\",\"filter_all\":true,\"filter_grid_breakpoint\":\"m\",\"filter_grid_width\":\"auto\",\"filter_position\":\"top\",\"filter_style\":\"tab\",\"grid_default\":\"1\",\"grid_divider\":true,\"grid_medium\":\"\",\"grid_row_gap\":\"small\",\"icon_width\":\"\",\"image_align\":\"left\",\"image_grid_breakpoint\":\"\",\"image_grid_column_gap\":\"small\",\"image_grid_row_gap\":\"medium\",\"image_grid_width\":\"auto\",\"image_height\":\"80\",\"image_link\":true,\"image_svg_color\":\"emphasis\",\"image_vertical_align\":true,\"image_width\":\"80\",\"item_animation\":true,\"link_style\":\"default\",\"link_text\":\"\",\"margin\":\"default\",\"meta_align\":\"below-title\",\"meta_color\":\"muted\",\"meta_element\":\"div\",\"meta_style\":\"text-small\",\"parallax_easing\":\"1\",\"show_content\":true,\"show_image\":true,\"show_link\":true,\"show_meta\":true,\"show_title\":true,\"title_align\":\"top\",\"title_element\":\"h3\",\"title_grid_breakpoint\":\"m\",\"title_grid_width\":\"1-2\",\"title_hover_style\":\"reset\",\"title_link\":true,\"title_style\":\"h6\",\"visibility\":\"m\"},\"children\":[{\"type\":\"grid_item\",\"source\":{\"query\":{\"name\":\"posts.customPosts\",\"arguments\":{\"terms\":[8],\"category_operator\":\"IN\",\"post_tag_operator\":\"IN\",\"users\":[],\"users_operator\":\"IN\",\"offset\":0,\"limit\":5,\"order\":\"date\",\"order_direction\":\"DESC\"}},\"props\":{\"title\":{\"filters\":{\"search\":\"\"},\"name\":\"title\"},\"meta\":{\"filters\":{\"search\":\"\",\"date\":\"m.Y\"},\"name\":\"date\"},\"image\":{\"filters\":{\"search\":\"\"},\"name\":\"featuredImage.url\"},\"link\":{\"filters\":{\"search\":\"\"},\"name\":\"link\"}}}}],\"name\":\"post sidebar\"}]}]},{\"type\":\"row\",\"children\":[{\"type\":\"column\",\"props\":{\"image_position\":\"center-center\",\"media_overlay_gradient\":\"\",\"position_sticky_breakpoint\":\"m\"},\"children\":[{\"type\":\"headline\",\"props\":{\"content\":\"Vesti\",\"title_decoration\":\"line\",\"title_element\":\"h2\",\"title_style\":\"h4\",\"visibility\":\"hidden-m\"},\"name\":\"Headline\"},{\"type\":\"grid\",\"props\":{\"content_column_breakpoint\":\"m\",\"filter_align\":\"left\",\"filter_all\":true,\"filter_grid_breakpoint\":\"m\",\"filter_grid_width\":\"auto\",\"filter_position\":\"top\",\"filter_style\":\"tab\",\"grid_default\":\"1\",\"grid_divider\":true,\"grid_medium\":\"\",\"grid_row_gap\":\"small\",\"icon_width\":\"\",\"image_align\":\"left\",\"image_grid_breakpoint\":\"\",\"image_grid_column_gap\":\"small\",\"image_grid_row_gap\":\"medium\",\"image_grid_width\":\"auto\",\"image_height\":\"80\",\"image_link\":true,\"image_svg_color\":\"emphasis\",\"image_vertical_align\":true,\"image_width\":\"80\",\"item_animation\":true,\"link_style\":\"default\",\"link_text\":\"\",\"margin\":\"default\",\"meta_align\":\"below-title\",\"meta_element\":\"div\",\"meta_style\":\"text-meta\",\"parallax_easing\":\"1\",\"show_content\":true,\"show_image\":true,\"show_link\":true,\"show_meta\":true,\"show_title\":true,\"title_align\":\"top\",\"title_element\":\"h3\",\"title_grid_breakpoint\":\"m\",\"title_grid_width\":\"1-2\",\"title_hover_style\":\"reset\",\"title_link\":true,\"title_style\":\"h5\",\"visibility\":\"hidden-m\"},\"children\":[{\"type\":\"grid_item\",\"source\":{\"query\":{\"name\":\"posts.customPosts\",\"arguments\":{\"terms\":[8],\"category_operator\":\"IN\",\"post_tag_operator\":\"IN\",\"users\":[],\"users_operator\":\"IN\",\"offset\":0,\"limit\":5,\"order\":\"date\",\"order_direction\":\"DESC\"}},\"props\":{\"title\":{\"filters\":{\"search\":\"\"},\"name\":\"title\"},\"image\":{\"filters\":{\"search\":\"\"},\"name\":\"featuredImage.url\"},\"link\":{\"filters\":{\"search\":\"\"},\"name\":\"link\"},\"meta\":{\"filters\":{\"search\":\"\",\"date\":\"m.Y\"},\"name\":\"date\"}}}}]}]}]}],\"name\":\"blog 22 april  primer 1\"}],\"version\":\"3.0.23\"} --><\/p>","protected":false},"excerpt":{"rendered":"<p>21. MAR. 2023. FORUM ZA POSLOVNU I NAU\u010cNU SARADNJU SRBIJE I ITALIJE | Na\u0161 advokat Vladimir Mihaj, je u palati Srbije, prisustvovao zvani\u010dnoj poseti italijanske dr\u017eavno ekonomske delegacije Srbiji, u prisustvu predsednika Srbije, Aleksandra Vu\u010di\u0107a i drugih visokih predstavnika vlade Srbije. Tom prilikom potpisana su 11 dokumenata o saradnji izme\u0111u dve zemlje i daljem unapre\u0111ivanju [&hellip;]<\/p>","protected":false},"author":1,"featured_media":5998,"comment_status":"closed","ping_status":"closed","sticky":false,"template":"","format":"standard","meta":[],"categories":[8],"tags":[],"yoast_head":"<!-- This site is optimized with the Yoast SEO plugin v20.3 - https:\/\/yoast.com\/wordpress\/plugins\/seo\/ -->\n<title>FORUM ZA POSLOVNU I NAU\u010cNU SARADNJU SRBIJE I ITALIJE | Mihaj Law<\/title>\n<meta name=\"robots\" content=\"index, follow, max-snippet:-1, max-image-preview:large, max-video-preview:-1\" \/>\n<link rel=\"canonical\" href=\"https:\/\/mihajlaw.com\/en\/forum-za-poslovnu-i-naucnu-saradnju-srbije-i-italije\/\" \/>\n<meta property=\"og:locale\" content=\"en_US\" \/>\n<meta property=\"og:type\" content=\"article\" \/>\n<meta property=\"og:title\" content=\"FORUM ZA POSLOVNU I NAU\u010cNU SARADNJU SRBIJE I ITALIJE | Mihaj Law\" \/>\n<meta property=\"og:description\" content=\"21. MAR. 2023. FORUM ZA POSLOVNU I NAU\u010cNU SARADNJU SRBIJE I ITALIJE | Na\u0161 advokat Vladimir Mihaj, je u palati Srbije, prisustvovao zvani\u010dnoj poseti italijanske dr\u017eavno ekonomske delegacije Srbiji, u prisustvu predsednika Srbije, Aleksandra Vu\u010di\u0107a i drugih visokih predstavnika vlade Srbije. Tom prilikom potpisana su 11 dokumenata o saradnji izme\u0111u dve zemlje i daljem unapre\u0111ivanju [&hellip;]\" \/>\n<meta property=\"og:url\" content=\"https:\/\/mihajlaw.com\/en\/forum-za-poslovnu-i-naucnu-saradnju-srbije-i-italije\/\" \/>\n<meta property=\"og:site_name\" content=\"Mihaj Law\" \/>\n<meta property=\"article:published_time\" content=\"2023-04-22T17:57:31+00:00\" \/>\n<meta property=\"article:modified_time\" content=\"2023-04-24T19:55:05+00:00\" \/>\n<meta property=\"og:image\" content=\"https:\/\/mihajlaw.com\/wp-content\/uploads\/2023\/04\/Italija_Srbija_zastave_-e1682366052673.jpg\" \/>\n\t<meta property=\"og:image:width\" content=\"1018\" \/>\n\t<meta property=\"og:image:height\" content=\"651\" \/>\n\t<meta property=\"og:image:type\" content=\"image\/jpeg\" \/>\n<meta name=\"author\" content=\"admin\" \/>\n<meta name=\"twitter:card\" content=\"summary_large_image\" \/>\n<meta name=\"twitter:label1\" content=\"Written by\" \/>\n\t<meta name=\"twitter:data1\" content=\"admin\" \/>\n\t<meta name=\"twitter:label2\" content=\"Est. reading time\" \/>\n\t<meta name=\"twitter:data2\" content=\"4 minutes\" \/>\n<script type=\"application\/ld+json\" class=\"yoast-schema-graph\">{\"@context\":\"https:\/\/schema.org\",\"@graph\":[{\"@type\":\"Article\",\"@id\":\"https:\/\/mihajlaw.com\/forum-za-poslovnu-i-naucnu-saradnju-srbije-i-italije\/#article\",\"isPartOf\":{\"@id\":\"https:\/\/mihajlaw.com\/forum-za-poslovnu-i-naucnu-saradnju-srbije-i-italije\/\"},\"author\":{\"name\":\"admin\",\"@id\":\"https:\/\/mihajlaw.com\/#\/schema\/person\/bacc49e0f3fb6b7ad305d35f0ca12f32\"},\"headline\":\"FORUM ZA POSLOVNU I NAU\u010cNU SARADNJU SRBIJE I ITALIJE\",\"datePublished\":\"2023-04-22T17:57:31+00:00\",\"dateModified\":\"2023-04-24T19:55:05+00:00\",\"mainEntityOfPage\":{\"@id\":\"https:\/\/mihajlaw.com\/forum-za-poslovnu-i-naucnu-saradnju-srbije-i-italije\/\"},\"wordCount\":318,\"publisher\":{\"@id\":\"https:\/\/mihajlaw.com\/#organization\"},\"articleSection\":[\"Vesti\"],\"inLanguage\":\"en-US\"},{\"@type\":\"WebPage\",\"@id\":\"https:\/\/mihajlaw.com\/forum-za-poslovnu-i-naucnu-saradnju-srbije-i-italije\/\",\"url\":\"https:\/\/mihajlaw.com\/forum-za-poslovnu-i-naucnu-saradnju-srbije-i-italije\/\",\"name\":\"FORUM ZA POSLOVNU I NAU\u010cNU SARADNJU SRBIJE I ITALIJE | Mihaj Law\",\"isPartOf\":{\"@id\":\"https:\/\/mihajlaw.com\/#website\"},\"datePublished\":\"2023-04-22T17:57:31+00:00\",\"dateModified\":\"2023-04-24T19:55:05+00:00\",\"breadcrumb\":{\"@id\":\"https:\/\/mihajlaw.com\/forum-za-poslovnu-i-naucnu-saradnju-srbije-i-italije\/#breadcrumb\"},\"inLanguage\":\"en-US\",\"potentialAction\":[{\"@type\":\"ReadAction\",\"target\":[\"https:\/\/mihajlaw.com\/forum-za-poslovnu-i-naucnu-saradnju-srbije-i-italije\/\"]}]},{\"@type\":\"BreadcrumbList\",\"@id\":\"https:\/\/mihajlaw.com\/forum-za-poslovnu-i-naucnu-saradnju-srbije-i-italije\/#breadcrumb\",\"itemListElement\":[{\"@type\":\"ListItem\",\"position\":1,\"name\":\"Home\",\"item\":\"https:\/\/mihajlaw.com\/\"},{\"@type\":\"ListItem\",\"position\":2,\"name\":\"FORUM ZA POSLOVNU I NAU\u010cNU SARADNJU SRBIJE I ITALIJE\"}]},{\"@type\":\"WebSite\",\"@id\":\"https:\/\/mihajlaw.com\/#website\",\"url\":\"https:\/\/mihajlaw.com\/\",\"name\":\"Mihaj Law\",\"description\":\"ADVOKATURA PO MERI KLIJENTA\",\"publisher\":{\"@id\":\"https:\/\/mihajlaw.com\/#organization\"},\"potentialAction\":[{\"@type\":\"SearchAction\",\"target\":{\"@type\":\"EntryPoint\",\"urlTemplate\":\"https:\/\/mihajlaw.com\/?s={search_term_string}\"},\"query-input\":\"required name=search_term_string\"}],\"inLanguage\":\"en-US\"},{\"@type\":\"Organization\",\"@id\":\"https:\/\/mihajlaw.com\/#organization\",\"name\":\"MIHAJ LAW\",\"url\":\"https:\/\/mihajlaw.com\/\",\"logo\":{\"@type\":\"ImageObject\",\"inLanguage\":\"en-US\",\"@id\":\"https:\/\/mihajlaw.com\/#\/schema\/logo\/image\/\",\"url\":\"https:\/\/mihajlaw.com\/wp-content\/uploads\/2023\/03\/mijhaj-law-logo-e1678916398425.jpg\",\"contentUrl\":\"https:\/\/mihajlaw.com\/wp-content\/uploads\/2023\/03\/mijhaj-law-logo-e1678916398425.jpg\",\"width\":1373,\"height\":641,\"caption\":\"MIHAJ LAW\"},\"image\":{\"@id\":\"https:\/\/mihajlaw.com\/#\/schema\/logo\/image\/\"}},{\"@type\":\"Person\",\"@id\":\"https:\/\/mihajlaw.com\/#\/schema\/person\/bacc49e0f3fb6b7ad305d35f0ca12f32\",\"name\":\"admin\",\"image\":{\"@type\":\"ImageObject\",\"inLanguage\":\"en-US\",\"@id\":\"https:\/\/mihajlaw.com\/#\/schema\/person\/image\/\",\"url\":\"https:\/\/secure.gravatar.com\/avatar\/364084f025f3e59455c2c2e9fc970f2f?s=96&d=mm&r=g\",\"contentUrl\":\"https:\/\/secure.gravatar.com\/avatar\/364084f025f3e59455c2c2e9fc970f2f?s=96&d=mm&r=g\",\"caption\":\"admin\"},\"sameAs\":[\"https:\/\/mihajlaw.com\"],\"url\":\"https:\/\/mihajlaw.com\/en\/author\/mihadmin\/\"}]}<\/script>\n<!-- \/ Yoast SEO plugin. -->","yoast_head_json":{"title":"FORUM ZA POSLOVNU I NAU\u010cNU SARADNJU SRBIJE I ITALIJE | Mihaj Law","robots":{"index":"index","follow":"follow","max-snippet":"max-snippet:-1","max-image-preview":"max-image-preview:large","max-video-preview":"max-video-preview:-1"},"canonical":"https:\/\/mihajlaw.com\/en\/forum-za-poslovnu-i-naucnu-saradnju-srbije-i-italije\/","og_locale":"en_US","og_type":"article","og_title":"FORUM ZA POSLOVNU I NAU\u010cNU SARADNJU SRBIJE I ITALIJE | Mihaj Law","og_description":"21. MAR. 2023. FORUM ZA POSLOVNU I NAU\u010cNU SARADNJU SRBIJE I ITALIJE | Na\u0161 advokat Vladimir Mihaj, je u palati Srbije, prisustvovao zvani\u010dnoj poseti italijanske dr\u017eavno ekonomske delegacije Srbiji, u prisustvu predsednika Srbije, Aleksandra Vu\u010di\u0107a i drugih visokih predstavnika vlade Srbije. Tom prilikom potpisana su 11 dokumenata o saradnji izme\u0111u dve zemlje i daljem unapre\u0111ivanju [&hellip;]","og_url":"https:\/\/mihajlaw.com\/en\/forum-za-poslovnu-i-naucnu-saradnju-srbije-i-italije\/","og_site_name":"Mihaj Law","article_published_time":"2023-04-22T17:57:31+00:00","article_modified_time":"2023-04-24T19:55:05+00:00","og_image":[{"width":1018,"height":651,"url":"https:\/\/mihajlaw.com\/wp-content\/uploads\/2023\/04\/Italija_Srbija_zastave_-e1682366052673.jpg","type":"image\/jpeg"}],"author":"admin","twitter_card":"summary_large_image","twitter_misc":{"Written by":"admin","Est. reading time":"4 minutes"},"schema":{"@context":"https:\/\/schema.org","@graph":[{"@type":"Article","@id":"https:\/\/mihajlaw.com\/forum-za-poslovnu-i-naucnu-saradnju-srbije-i-italije\/#article","isPartOf":{"@id":"https:\/\/mihajlaw.com\/forum-za-poslovnu-i-naucnu-saradnju-srbije-i-italije\/"},"author":{"name":"admin","@id":"https:\/\/mihajlaw.com\/#\/schema\/person\/bacc49e0f3fb6b7ad305d35f0ca12f32"},"headline":"FORUM ZA POSLOVNU I NAU\u010cNU SARADNJU SRBIJE I ITALIJE","datePublished":"2023-04-22T17:57:31+00:00","dateModified":"2023-04-24T19:55:05+00:00","mainEntityOfPage":{"@id":"https:\/\/mihajlaw.com\/forum-za-poslovnu-i-naucnu-saradnju-srbije-i-italije\/"},"wordCount":318,"publisher":{"@id":"https:\/\/mihajlaw.com\/#organization"},"articleSection":["Vesti"],"inLanguage":"en-US"},{"@type":"WebPage","@id":"https:\/\/mihajlaw.com\/forum-za-poslovnu-i-naucnu-saradnju-srbije-i-italije\/","url":"https:\/\/mihajlaw.com\/forum-za-poslovnu-i-naucnu-saradnju-srbije-i-italije\/","name":"FORUM ZA POSLOVNU I NAU\u010cNU SARADNJU SRBIJE I ITALIJE | Mihaj Law","isPartOf":{"@id":"https:\/\/mihajlaw.com\/#website"},"datePublished":"2023-04-22T17:57:31+00:00","dateModified":"2023-04-24T19:55:05+00:00","breadcrumb":{"@id":"https:\/\/mihajlaw.com\/forum-za-poslovnu-i-naucnu-saradnju-srbije-i-italije\/#breadcrumb"},"inLanguage":"en-US","potentialAction":[{"@type":"ReadAction","target":["https:\/\/mihajlaw.com\/forum-za-poslovnu-i-naucnu-saradnju-srbije-i-italije\/"]}]},{"@type":"BreadcrumbList","@id":"https:\/\/mihajlaw.com\/forum-za-poslovnu-i-naucnu-saradnju-srbije-i-italije\/#breadcrumb","itemListElement":[{"@type":"ListItem","position":1,"name":"Home","item":"https:\/\/mihajlaw.com\/"},{"@type":"ListItem","position":2,"name":"FORUM ZA POSLOVNU I NAU\u010cNU SARADNJU SRBIJE I ITALIJE"}]},{"@type":"WebSite","@id":"https:\/\/mihajlaw.com\/#website","url":"https:\/\/mihajlaw.com\/","name":"Mihaj Law","description":"ADVOKATURA PO MERI KLIJENTA","publisher":{"@id":"https:\/\/mihajlaw.com\/#organization"},"potentialAction":[{"@type":"SearchAction","target":{"@type":"EntryPoint","urlTemplate":"https:\/\/mihajlaw.com\/?s={search_term_string}"},"query-input":"required name=search_term_string"}],"inLanguage":"en-US"},{"@type":"Organization","@id":"https:\/\/mihajlaw.com\/#organization","name":"MIHAJ LAW","url":"https:\/\/mihajlaw.com\/","logo":{"@type":"ImageObject","inLanguage":"en-US","@id":"https:\/\/mihajlaw.com\/#\/schema\/logo\/image\/","url":"https:\/\/mihajlaw.com\/wp-content\/uploads\/2023\/03\/mijhaj-law-logo-e1678916398425.jpg","contentUrl":"https:\/\/mihajlaw.com\/wp-content\/uploads\/2023\/03\/mijhaj-law-logo-e1678916398425.jpg","width":1373,"height":641,"caption":"MIHAJ LAW"},"image":{"@id":"https:\/\/mihajlaw.com\/#\/schema\/logo\/image\/"}},{"@type":"Person","@id":"https:\/\/mihajlaw.com\/#\/schema\/person\/bacc49e0f3fb6b7ad305d35f0ca12f32","name":"admin","image":{"@type":"ImageObject","inLanguage":"en-US","@id":"https:\/\/mihajlaw.com\/#\/schema\/person\/image\/","url":"https:\/\/secure.gravatar.com\/avatar\/364084f025f3e59455c2c2e9fc970f2f?s=96&d=mm&r=g","contentUrl":"https:\/\/secure.gravatar.com\/avatar\/364084f025f3e59455c2c2e9fc970f2f?s=96&d=mm&r=g","caption":"admin"},"sameAs":["https:\/\/mihajlaw.com"],"url":"https:\/\/mihajlaw.com\/en\/author\/mihadmin\/"}]}},"_links":{"self":[{"href":"https:\/\/mihajlaw.com\/en\/wp-json\/wp\/v2\/posts\/5986"}],"collection":[{"href":"https:\/\/mihajlaw.com\/en\/wp-json\/wp\/v2\/posts"}],"about":[{"href":"https:\/\/mihajlaw.com\/en\/wp-json\/wp\/v2\/types\/post"}],"author":[{"embeddable":true,"href":"https:\/\/mihajlaw.com\/en\/wp-json\/wp\/v2\/users\/1"}],"replies":[{"embeddable":true,"href":"https:\/\/mihajlaw.com\/en\/wp-json\/wp\/v2\/comments?post=5986"}],"version-history":[{"count":10,"href":"https:\/\/mihajlaw.com\/en\/wp-json\/wp\/v2\/posts\/5986\/revisions"}],"predecessor-version":[{"id":6000,"href":"https:\/\/mihajlaw.com\/en\/wp-json\/wp\/v2\/posts\/5986\/revisions\/6000"}],"wp:featuredmedia":[{"embeddable":true,"href":"https:\/\/mihajlaw.com\/en\/wp-json\/wp\/v2\/media\/5998"}],"wp:attachment":[{"href":"https:\/\/mihajlaw.com\/en\/wp-json\/wp\/v2\/media?parent=5986"}],"wp:term":[{"taxonomy":"category","embeddable":true,"href":"https:\/\/mihajlaw.com\/en\/wp-json\/wp\/v2\/categories?post=5986"},{"taxonomy":"post_tag","embeddable":true,"href":"https:\/\/mihajlaw.com\/en\/wp-json\/wp\/v2\/tags?post=5986"}],"curies":[{"name":"wp","href":"https:\/\/api.w.org\/{rel}","templated":true}]}}