{"id":6154,"date":"2023-09-18T10:34:40","date_gmt":"2023-09-18T10:34:40","guid":{"rendered":"https:\/\/mihajlaw.com\/?p=6154"},"modified":"2023-09-18T11:00:35","modified_gmt":"2023-09-18T11:00:35","slug":"otvorena-kancelarija-sace-a-u-beogradu","status":"publish","type":"post","link":"https:\/\/mihajlaw.com\/en\/otvorena-kancelarija-sace-a-u-beogradu\/","title":{"rendered":"SACE office opened in Belgrade"},"content":{"rendered":"<hr>\n<ul>\n<li>\n<p>        <img decoding=\"async\" src=\"\/wp-content\/uploads\/2023\/09\/KANCELARIJA-SACE-a-u-Beogradu-IMG-485fc17717d89e2370b9455f04b0c132-V-copy.jpeg\" alt=\"\"><\/p>\n<\/li>\n<li>\n<p>        <img decoding=\"async\" src=\"\/wp-content\/uploads\/2023\/09\/KANCELARIJA-SACE-a-u-Beogradu-DSC088341-copy.jpg\" alt=\"\"><\/p>\n<\/li>\n<li>\n<p>        <img decoding=\"async\" src=\"\/wp-content\/uploads\/2023\/09\/KANCELARIJA-SACE-a-u-Beogradu-Ambasada-Italije.jpg\" alt=\"\"><\/p>\n<\/li>\n<\/ul>\n<h2>13. SEPT. 2023.<\/h2>\n<h1>\n<h1 class=\"uk-margin-small\">SACE office opened in Belgrade<\/h1>\n<\/h1>\n<div>SACE is an Italian insurance and financial group specialized in supporting Italian companies operating in Italy and the world, which opened its desk office in Belgrade on September 13,2023.\n<br>\nTheir primary function will be to support The Made in Italy brand and thus provide support to companies that already export to Serbia and the Balkans, and to those that still want to enter this market, providing them with all the tools, skills and experience that SACE already has for 45 years.<br>\nIn addition to SACE General Director Alessandra Ricci, the ceremony was attended by the Minister for Enterprises and the Made in Italy brand, Adolf Urso, His Excellency the Italian Ambassador to Serbia Luca Gori, the Minister of Internal and Foreign trade Tomislav Momirovi\u0107 and many others.<br>\nOur Mihajlaw firm was represented by our youngest colleague, Ivana \u0110or\u0111evi\u0107, a translator.<br \/>\nSve\u010danosti su pored generalne direktorke SACE-a Alesandre Ri\u010di, prisustvovali i ministar za preduze\u0107a i brend Made in Italy, Adolf  Urso, njegova ekselencija ambasador Italije u Srbiji Luka Gori, ministar unutra\u0161nje i spoljne trgovine Tomislav Momirovi\u0107 i mnogi drugi.<br \/>\nNa\u0161u advokatsku kancelariju Mihajlaw  predstavljala je  najmla\u0111a koleginica Ivana \u0110or\u0111evi\u0107, prevodilac.<br \/>\n <\/div>\n<div>\n<p>        <img decoding=\"async\" src=\"\/wp-content\/uploads\/2023\/02\/2-DSC_3448-_1-R-KADAR-FIN-copy.png\" alt=\"\"><\/p>\n<h4>AUTHOR<\/h4>\n<p>Aleksandra Radovi\u0107 &#8211; Marjanovi\u0107<\/p>\n<p><a href=\"#\"><\/a><\/p>\n<\/div>\n<h2>VESTI<\/h2>\n<div>\n<\/div>\n<h2>News<\/h2>\n<div>\n<\/div>\n<p><!--more--><br \/>\n<!-- {\"type\":\"layout\",\"children\":[{\"type\":\"section\",\"props\":{\"image_position\":\"center-center\",\"style\":\"default\",\"title_breakpoint\":\"xl\",\"title_position\":\"top-left\",\"title_rotation\":\"left\",\"vertical_align\":\"middle\",\"width\":\"default\"},\"children\":[{\"type\":\"row\",\"props\":{\"column_gap\":\"large\",\"layout\":\"3-4,1-4\"},\"children\":[{\"type\":\"column\",\"props\":{\"image_position\":\"center-center\",\"media_overlay_gradient\":\"\",\"position_sticky_breakpoint\":\"m\",\"width_medium\":\"3-4\",\"width_small\":\"2-3\"},\"children\":[{\"type\":\"divider\",\"props\":{\"divider_element\":\"hr\"}},{\"type\":\"breadcrumbs\",\"props\":{\"margin\":\"small\",\"show_current\":false,\"show_home\":false}},{\"type\":\"gallery\",\"props\":{\"filter_align\":\"left\",\"filter_all\":true,\"filter_grid_breakpoint\":\"m\",\"filter_grid_width\":\"auto\",\"filter_position\":\"top\",\"filter_style\":\"tab\",\"grid_column_gap\":\"small\",\"grid_default\":\"1\",\"grid_medium\":\"\",\"grid_row_gap\":\"small\",\"grid_small\":\"2\",\"image_loading\":true,\"image_min_height\":\"340\",\"image_width\":\"610\",\"item_animation\":true,\"link_style\":\"default\",\"link_text\":\"Read more\",\"margin\":\"\",\"meta_align\":\"below-title\",\"meta_element\":\"div\",\"meta_style\":\"text-meta\",\"overlay_hover\":true,\"overlay_mode\":\"cover\",\"overlay_position\":\"center\",\"overlay_style\":\"\",\"overlay_transition\":\"fade\",\"parallax_easing\":\"1\",\"show_content\":true,\"show_hover_image\":true,\"show_link\":true,\"show_meta\":true,\"show_title\":false,\"text_align\":\"center\",\"text_color\":\"light\",\"title_element\":\"h3\",\"title_hover_style\":\"reset\"},\"children\":[{\"type\":\"gallery_item\",\"props\":{\"image\":\"wp-content\\\/uploads\\\/2023\\\/09\\\/KANCELARIJA-SACE-a-u-Beogradu-IMG-485fc17717d89e2370b9455f04b0c132-V-copy.jpeg\",\"title\":\"\"}},{\"type\":\"gallery_item\",\"props\":{\"image\":\"wp-content\\\/uploads\\\/2023\\\/09\\\/KANCELARIJA-SACE-a-u-Beogradu-DSC088341-copy.jpg\",\"title\":\"\"}},{\"type\":\"gallery_item\",\"props\":{\"image\":\"wp-content\\\/uploads\\\/2023\\\/09\\\/KANCELARIJA-SACE-a-u-Beogradu-Ambasada-Italije.jpg\",\"title\":\"\"}}]},{\"type\":\"headline\",\"props\":{\"content\":\"13. SEPT. 2023.\",\"margin\":\"small\",\"title_color\":\"primary\",\"title_decoration\":\"bullet\",\"title_element\":\"h2\",\"title_style\":\"h5\",\"visibility\":\"m\"},\"name\":\"Headline\"},{\"type\":\"headline\",\"props\":{\"content\":\"\n\n<h1 class=\\\"uk-margin-small\\\">SACE-a u Beogradu<\\\/h1>\",\"margin\":\"default\",\"title_element\":\"h1\"}},{\"type\":\"text\",\"props\":{\"column_breakpoint\":\"m\",\"content\":\"| SACE je italijanska osiguravajuca i finansijska grupacija specijalizovana za podr\\u0161ku italijanskim kompanijama koje posluju u Italiji i svetu, koja je 13. Septembra 2023. godine u Beogradu otvorila svoj desk office. Njihova primarna funkcija bi\\u0107e da podr\\u017ee brend Made in Italy i na taj na\\u010din pru\\u017ee podr\\u0161ku kompanijama koje ve\\u0107 izvoze u Srbiju i na Balkan, a i onima koje tek \\u017eele da do\\u0111u na ovo tr\\u017ei\\u0161te, obezbe\\u0111uju\\u0107i im sve alate, ve\\u0161tine i iskustvo koje SACE poseduje ve\\u0107 45 godina.<br \/>\\nSve\\u010danosti su pored generalne direktorke SACE-a Alesandre Ri\\u010di, prisustvovali i ministar za preduze\\u0107a i brend Made in Italy, Adolf  Urso, njegova ekselencija ambasador Italije u Srbiji Luka Gori, ministar unutra\\u0161nje i spoljne trgovine Tomislav Momirovi\\u0107 i mnogi drugi.<br \/>\\nNa\\u0161u advokatsku kancelariju Mihajlaw  predstavljala je  najmla\\u0111a koleginica Ivana \\u0110or\\u0111evi\\u0107, prevodilac.\\n <br \/>\",\"dropcap\":false,\"margin\":\"default\"}}]},{\"type\":\"column\",\"props\":{\"image_position\":\"center-center\",\"media_overlay_gradient\":\"\",\"position_sticky_breakpoint\":\"m\",\"width_medium\":\"1-4\",\"width_small\":\"1-3\"},\"children\":[{\"type\":\"panel\",\"props\":{\"_condition\":true,\"content\":\"\",\"content_column_breakpoint\":\"m\",\"content_margin\":\"remove\",\"content_style\":\"h6\",\"icon_width\":80,\"image\":\"wp-content\\\/uploads\\\/2023\\\/02\\\/2-DSC_3448-_1-R-KADAR-FIN-copy.png\",\"image_align\":\"left\",\"image_alt\":\"\",\"image_border\":\"circle\",\"image_grid_breakpoint\":\"\",\"image_grid_column_gap\":\"medium\",\"image_grid_width\":\"auto\",\"image_height\":\"90\",\"image_svg_color\":\"emphasis\",\"image_vertical_align\":true,\"image_width\":\"90\",\"link\":\"#\",\"link_style\":\"default\",\"link_text\":\"\",\"margin\":\"default\",\"meta\":\"Aleksandra Radovi\\u0107 - Marjanovi\\u0107\",\"meta_align\":\"below-title\",\"meta_color\":\"muted\",\"meta_element\":\"div\",\"meta_style\":\"text-small\",\"panel_link\":true,\"panel_padding\":\"small\",\"panel_style\":\"tile-muted\",\"title\":\"AUTOR\",\"title_align\":\"top\",\"title_element\":\"h4\",\"title_grid_breakpoint\":\"m\",\"title_grid_width\":\"1-2\",\"title_hover_style\":\"reset\",\"title_style\":\"h5\",\"visibility\":\"m\"}},{\"type\":\"headline\",\"props\":{\"content\":\"VESTI\",\"title_color\":\"muted\",\"title_decoration\":\"line\",\"title_element\":\"h2\",\"title_style\":\"h5\",\"visibility\":\"m\"},\"name\":\"Headline\"},{\"type\":\"text\",\"props\":{\"column_breakpoint\":\"m\",\"content\":\"\",\"margin\":\"small\"}},{\"type\":\"grid\",\"props\":{\"content_column_breakpoint\":\"m\",\"filter_align\":\"left\",\"filter_all\":true,\"filter_grid_breakpoint\":\"m\",\"filter_grid_width\":\"auto\",\"filter_position\":\"top\",\"filter_style\":\"tab\",\"grid_default\":\"1\",\"grid_divider\":true,\"grid_medium\":\"\",\"grid_row_gap\":\"small\",\"icon_width\":\"\",\"image_align\":\"left\",\"image_grid_breakpoint\":\"\",\"image_grid_column_gap\":\"small\",\"image_grid_row_gap\":\"medium\",\"image_grid_width\":\"auto\",\"image_height\":\"80\",\"image_link\":true,\"image_svg_color\":\"emphasis\",\"image_vertical_align\":true,\"image_width\":\"80\",\"item_animation\":true,\"link_style\":\"default\",\"link_text\":\"\",\"margin\":\"default\",\"meta_align\":\"below-title\",\"meta_color\":\"muted\",\"meta_element\":\"div\",\"meta_style\":\"text-small\",\"parallax_easing\":\"1\",\"show_content\":true,\"show_image\":true,\"show_link\":true,\"show_meta\":true,\"show_title\":true,\"title_align\":\"top\",\"title_element\":\"h3\",\"title_grid_breakpoint\":\"m\",\"title_grid_width\":\"1-2\",\"title_hover_style\":\"reset\",\"title_link\":true,\"title_style\":\"h6\",\"visibility\":\"m\"},\"children\":[{\"type\":\"grid_item\",\"source\":{\"query\":{\"name\":\"posts.customPosts\",\"arguments\":{\"terms\":[8],\"category_operator\":\"IN\",\"post_tag_operator\":\"IN\",\"users\":[],\"users_operator\":\"IN\",\"offset\":0,\"limit\":5,\"order\":\"date\",\"order_direction\":\"DESC\"}},\"props\":{\"title\":{\"filters\":{\"search\":\"\"},\"name\":\"title\"},\"meta\":{\"filters\":{\"search\":\"\",\"date\":\"m.Y\"},\"name\":\"date\"},\"image\":{\"filters\":{\"search\":\"\"},\"name\":\"featuredImage.url\"},\"link\":{\"filters\":{\"search\":\"\"},\"name\":\"link\"}}}}],\"name\":\"post sidebar\"}]}]},{\"type\":\"row\",\"children\":[{\"type\":\"column\",\"props\":{\"image_position\":\"center-center\",\"media_overlay_gradient\":\"\",\"position_sticky_breakpoint\":\"m\"},\"children\":[{\"type\":\"headline\",\"props\":{\"content\":\"Vesti\",\"title_decoration\":\"line\",\"title_element\":\"h2\",\"title_style\":\"h4\",\"visibility\":\"hidden-m\"},\"name\":\"Headline\"},{\"type\":\"grid\",\"props\":{\"content_column_breakpoint\":\"m\",\"filter_align\":\"left\",\"filter_all\":true,\"filter_grid_breakpoint\":\"m\",\"filter_grid_width\":\"auto\",\"filter_position\":\"top\",\"filter_style\":\"tab\",\"grid_default\":\"1\",\"grid_divider\":true,\"grid_medium\":\"\",\"grid_row_gap\":\"small\",\"icon_width\":\"\",\"image_align\":\"left\",\"image_grid_breakpoint\":\"\",\"image_grid_column_gap\":\"small\",\"image_grid_row_gap\":\"medium\",\"image_grid_width\":\"auto\",\"image_height\":\"80\",\"image_link\":true,\"image_svg_color\":\"emphasis\",\"image_vertical_align\":true,\"image_width\":\"80\",\"item_animation\":true,\"link_style\":\"default\",\"link_text\":\"\",\"margin\":\"default\",\"meta_align\":\"below-title\",\"meta_element\":\"div\",\"meta_style\":\"text-meta\",\"parallax_easing\":\"1\",\"show_content\":true,\"show_image\":true,\"show_link\":true,\"show_meta\":true,\"show_title\":true,\"title_align\":\"top\",\"title_element\":\"h3\",\"title_grid_breakpoint\":\"m\",\"title_grid_width\":\"1-2\",\"title_hover_style\":\"reset\",\"title_link\":true,\"title_style\":\"h5\",\"visibility\":\"hidden-m\"},\"children\":[{\"type\":\"grid_item\",\"source\":{\"query\":{\"name\":\"posts.customPosts\",\"arguments\":{\"terms\":[8],\"category_operator\":\"IN\",\"post_tag_operator\":\"IN\",\"users\":[],\"users_operator\":\"IN\",\"offset\":0,\"limit\":5,\"order\":\"date\",\"order_direction\":\"DESC\"}},\"props\":{\"title\":{\"filters\":{\"search\":\"\"},\"name\":\"title\"},\"image\":{\"filters\":{\"search\":\"\"},\"name\":\"featuredImage.url\"},\"link\":{\"filters\":{\"search\":\"\"},\"name\":\"link\"},\"meta\":{\"filters\":{\"search\":\"\",\"date\":\"m.Y\"},\"name\":\"date\"}}}}]}]}]}],\"name\":\"BLOG FORMA\"}],\"version\":\"3.0.23\"} --><\/p>","protected":false},"excerpt":{"rendered":"<p>13. SEPT. 2023. SACE-a u Beogradu | SACE je italijanska osiguravajuca i finansijska grupacija specijalizovana za podr\u0161ku italijanskim kompanijama koje posluju u Italiji i svetu, koja je 13. Septembra 2023. godine u Beogradu otvorila svoj desk office. Njihova primarna funkcija bi\u0107e da podr\u017ee brend Made in Italy i na taj na\u010din pru\u017ee podr\u0161ku kompanijama koje [&hellip;]<\/p>","protected":false},"author":1,"featured_media":6158,"comment_status":"closed","ping_status":"closed","sticky":false,"template":"","format":"standard","meta":[],"categories":[8],"tags":[],"yoast_head":"<!-- This site is optimized with the Yoast SEO plugin v20.3 - https:\/\/yoast.com\/wordpress\/plugins\/seo\/ -->\n<title>OTVORENA KANCELARIJA SACE-a u Beogradu | Mihaj Law<\/title>\n<meta name=\"robots\" content=\"index, follow, max-snippet:-1, max-image-preview:large, max-video-preview:-1\" \/>\n<link rel=\"canonical\" href=\"https:\/\/mihajlaw.com\/en\/otvorena-kancelarija-sace-a-u-beogradu\/\" \/>\n<meta property=\"og:locale\" content=\"en_US\" \/>\n<meta property=\"og:type\" content=\"article\" \/>\n<meta property=\"og:title\" content=\"OTVORENA KANCELARIJA SACE-a u Beogradu | Mihaj Law\" \/>\n<meta property=\"og:description\" content=\"13. SEPT. 2023. SACE-a u Beogradu | SACE je italijanska osiguravajuca i finansijska grupacija specijalizovana za podr\u0161ku italijanskim kompanijama koje posluju u Italiji i svetu, koja je 13. Septembra 2023. godine u Beogradu otvorila svoj desk office. Njihova primarna funkcija bi\u0107e da podr\u017ee brend Made in Italy i na taj na\u010din pru\u017ee podr\u0161ku kompanijama koje [&hellip;]\" \/>\n<meta property=\"og:url\" content=\"https:\/\/mihajlaw.com\/en\/otvorena-kancelarija-sace-a-u-beogradu\/\" \/>\n<meta property=\"og:site_name\" content=\"Mihaj Law\" \/>\n<meta property=\"article:published_time\" content=\"2023-09-18T10:34:40+00:00\" \/>\n<meta property=\"article:modified_time\" content=\"2023-09-18T11:00:35+00:00\" \/>\n<meta property=\"og:image\" content=\"https:\/\/mihajlaw.com\/wp-content\/uploads\/2023\/09\/KANCELARIJA-SACE-a-u-Beogradu-IMG-485fc17717d89e2370b9455f04b0c132-V-copy.jpeg\" \/>\n\t<meta property=\"og:image:width\" content=\"1144\" \/>\n\t<meta property=\"og:image:height\" content=\"1398\" \/>\n\t<meta property=\"og:image:type\" content=\"image\/jpeg\" \/>\n<meta name=\"author\" content=\"admin\" \/>\n<meta name=\"twitter:card\" content=\"summary_large_image\" \/>\n<meta name=\"twitter:label1\" content=\"Written by\" \/>\n\t<meta name=\"twitter:data1\" content=\"admin\" \/>\n\t<meta name=\"twitter:label2\" content=\"Est. reading time\" \/>\n\t<meta name=\"twitter:data2\" content=\"1 minute\" \/>\n<script type=\"application\/ld+json\" class=\"yoast-schema-graph\">{\"@context\":\"https:\/\/schema.org\",\"@graph\":[{\"@type\":\"Article\",\"@id\":\"https:\/\/mihajlaw.com\/otvorena-kancelarija-sace-a-u-beogradu\/#article\",\"isPartOf\":{\"@id\":\"https:\/\/mihajlaw.com\/otvorena-kancelarija-sace-a-u-beogradu\/\"},\"author\":{\"name\":\"admin\",\"@id\":\"https:\/\/mihajlaw.com\/#\/schema\/person\/bacc49e0f3fb6b7ad305d35f0ca12f32\"},\"headline\":\"OTVORENA KANCELARIJA SACE-a u Beogradu\",\"datePublished\":\"2023-09-18T10:34:40+00:00\",\"dateModified\":\"2023-09-18T11:00:35+00:00\",\"mainEntityOfPage\":{\"@id\":\"https:\/\/mihajlaw.com\/otvorena-kancelarija-sace-a-u-beogradu\/\"},\"wordCount\":160,\"publisher\":{\"@id\":\"https:\/\/mihajlaw.com\/#organization\"},\"articleSection\":[\"Vesti\"],\"inLanguage\":\"en-US\"},{\"@type\":\"WebPage\",\"@id\":\"https:\/\/mihajlaw.com\/otvorena-kancelarija-sace-a-u-beogradu\/\",\"url\":\"https:\/\/mihajlaw.com\/otvorena-kancelarija-sace-a-u-beogradu\/\",\"name\":\"OTVORENA KANCELARIJA SACE-a u Beogradu | Mihaj Law\",\"isPartOf\":{\"@id\":\"https:\/\/mihajlaw.com\/#website\"},\"datePublished\":\"2023-09-18T10:34:40+00:00\",\"dateModified\":\"2023-09-18T11:00:35+00:00\",\"breadcrumb\":{\"@id\":\"https:\/\/mihajlaw.com\/otvorena-kancelarija-sace-a-u-beogradu\/#breadcrumb\"},\"inLanguage\":\"en-US\",\"potentialAction\":[{\"@type\":\"ReadAction\",\"target\":[\"https:\/\/mihajlaw.com\/otvorena-kancelarija-sace-a-u-beogradu\/\"]}]},{\"@type\":\"BreadcrumbList\",\"@id\":\"https:\/\/mihajlaw.com\/otvorena-kancelarija-sace-a-u-beogradu\/#breadcrumb\",\"itemListElement\":[{\"@type\":\"ListItem\",\"position\":1,\"name\":\"Home\",\"item\":\"https:\/\/mihajlaw.com\/\"},{\"@type\":\"ListItem\",\"position\":2,\"name\":\"OTVORENA KANCELARIJA SACE-a u Beogradu\"}]},{\"@type\":\"WebSite\",\"@id\":\"https:\/\/mihajlaw.com\/#website\",\"url\":\"https:\/\/mihajlaw.com\/\",\"name\":\"Mihaj Law\",\"description\":\"ADVOKATURA PO MERI KLIJENTA\",\"publisher\":{\"@id\":\"https:\/\/mihajlaw.com\/#organization\"},\"potentialAction\":[{\"@type\":\"SearchAction\",\"target\":{\"@type\":\"EntryPoint\",\"urlTemplate\":\"https:\/\/mihajlaw.com\/?s={search_term_string}\"},\"query-input\":\"required name=search_term_string\"}],\"inLanguage\":\"en-US\"},{\"@type\":\"Organization\",\"@id\":\"https:\/\/mihajlaw.com\/#organization\",\"name\":\"MIHAJ LAW\",\"url\":\"https:\/\/mihajlaw.com\/\",\"logo\":{\"@type\":\"ImageObject\",\"inLanguage\":\"en-US\",\"@id\":\"https:\/\/mihajlaw.com\/#\/schema\/logo\/image\/\",\"url\":\"https:\/\/mihajlaw.com\/wp-content\/uploads\/2023\/03\/mijhaj-law-logo-e1678916398425.jpg\",\"contentUrl\":\"https:\/\/mihajlaw.com\/wp-content\/uploads\/2023\/03\/mijhaj-law-logo-e1678916398425.jpg\",\"width\":1373,\"height\":641,\"caption\":\"MIHAJ LAW\"},\"image\":{\"@id\":\"https:\/\/mihajlaw.com\/#\/schema\/logo\/image\/\"}},{\"@type\":\"Person\",\"@id\":\"https:\/\/mihajlaw.com\/#\/schema\/person\/bacc49e0f3fb6b7ad305d35f0ca12f32\",\"name\":\"admin\",\"image\":{\"@type\":\"ImageObject\",\"inLanguage\":\"en-US\",\"@id\":\"https:\/\/mihajlaw.com\/#\/schema\/person\/image\/\",\"url\":\"https:\/\/secure.gravatar.com\/avatar\/364084f025f3e59455c2c2e9fc970f2f?s=96&d=mm&r=g\",\"contentUrl\":\"https:\/\/secure.gravatar.com\/avatar\/364084f025f3e59455c2c2e9fc970f2f?s=96&d=mm&r=g\",\"caption\":\"admin\"},\"sameAs\":[\"https:\/\/mihajlaw.com\"],\"url\":\"https:\/\/mihajlaw.com\/en\/author\/mihadmin\/\"}]}<\/script>\n<!-- \/ Yoast SEO plugin. -->","yoast_head_json":{"title":"OTVORENA KANCELARIJA SACE-a u Beogradu | Mihaj Law","robots":{"index":"index","follow":"follow","max-snippet":"max-snippet:-1","max-image-preview":"max-image-preview:large","max-video-preview":"max-video-preview:-1"},"canonical":"https:\/\/mihajlaw.com\/en\/otvorena-kancelarija-sace-a-u-beogradu\/","og_locale":"en_US","og_type":"article","og_title":"OTVORENA KANCELARIJA SACE-a u Beogradu | Mihaj Law","og_description":"13. SEPT. 2023. SACE-a u Beogradu | SACE je italijanska osiguravajuca i finansijska grupacija specijalizovana za podr\u0161ku italijanskim kompanijama koje posluju u Italiji i svetu, koja je 13. Septembra 2023. godine u Beogradu otvorila svoj desk office. Njihova primarna funkcija bi\u0107e da podr\u017ee brend Made in Italy i na taj na\u010din pru\u017ee podr\u0161ku kompanijama koje [&hellip;]","og_url":"https:\/\/mihajlaw.com\/en\/otvorena-kancelarija-sace-a-u-beogradu\/","og_site_name":"Mihaj Law","article_published_time":"2023-09-18T10:34:40+00:00","article_modified_time":"2023-09-18T11:00:35+00:00","og_image":[{"width":1144,"height":1398,"url":"https:\/\/mihajlaw.com\/wp-content\/uploads\/2023\/09\/KANCELARIJA-SACE-a-u-Beogradu-IMG-485fc17717d89e2370b9455f04b0c132-V-copy.jpeg","type":"image\/jpeg"}],"author":"admin","twitter_card":"summary_large_image","twitter_misc":{"Written by":"admin","Est. reading time":"1 minute"},"schema":{"@context":"https:\/\/schema.org","@graph":[{"@type":"Article","@id":"https:\/\/mihajlaw.com\/otvorena-kancelarija-sace-a-u-beogradu\/#article","isPartOf":{"@id":"https:\/\/mihajlaw.com\/otvorena-kancelarija-sace-a-u-beogradu\/"},"author":{"name":"admin","@id":"https:\/\/mihajlaw.com\/#\/schema\/person\/bacc49e0f3fb6b7ad305d35f0ca12f32"},"headline":"OTVORENA KANCELARIJA SACE-a u Beogradu","datePublished":"2023-09-18T10:34:40+00:00","dateModified":"2023-09-18T11:00:35+00:00","mainEntityOfPage":{"@id":"https:\/\/mihajlaw.com\/otvorena-kancelarija-sace-a-u-beogradu\/"},"wordCount":160,"publisher":{"@id":"https:\/\/mihajlaw.com\/#organization"},"articleSection":["Vesti"],"inLanguage":"en-US"},{"@type":"WebPage","@id":"https:\/\/mihajlaw.com\/otvorena-kancelarija-sace-a-u-beogradu\/","url":"https:\/\/mihajlaw.com\/otvorena-kancelarija-sace-a-u-beogradu\/","name":"OTVORENA KANCELARIJA SACE-a u Beogradu | Mihaj Law","isPartOf":{"@id":"https:\/\/mihajlaw.com\/#website"},"datePublished":"2023-09-18T10:34:40+00:00","dateModified":"2023-09-18T11:00:35+00:00","breadcrumb":{"@id":"https:\/\/mihajlaw.com\/otvorena-kancelarija-sace-a-u-beogradu\/#breadcrumb"},"inLanguage":"en-US","potentialAction":[{"@type":"ReadAction","target":["https:\/\/mihajlaw.com\/otvorena-kancelarija-sace-a-u-beogradu\/"]}]},{"@type":"BreadcrumbList","@id":"https:\/\/mihajlaw.com\/otvorena-kancelarija-sace-a-u-beogradu\/#breadcrumb","itemListElement":[{"@type":"ListItem","position":1,"name":"Home","item":"https:\/\/mihajlaw.com\/"},{"@type":"ListItem","position":2,"name":"OTVORENA KANCELARIJA SACE-a u Beogradu"}]},{"@type":"WebSite","@id":"https:\/\/mihajlaw.com\/#website","url":"https:\/\/mihajlaw.com\/","name":"Mihaj Law","description":"ADVOKATURA PO MERI KLIJENTA","publisher":{"@id":"https:\/\/mihajlaw.com\/#organization"},"potentialAction":[{"@type":"SearchAction","target":{"@type":"EntryPoint","urlTemplate":"https:\/\/mihajlaw.com\/?s={search_term_string}"},"query-input":"required name=search_term_string"}],"inLanguage":"en-US"},{"@type":"Organization","@id":"https:\/\/mihajlaw.com\/#organization","name":"MIHAJ LAW","url":"https:\/\/mihajlaw.com\/","logo":{"@type":"ImageObject","inLanguage":"en-US","@id":"https:\/\/mihajlaw.com\/#\/schema\/logo\/image\/","url":"https:\/\/mihajlaw.com\/wp-content\/uploads\/2023\/03\/mijhaj-law-logo-e1678916398425.jpg","contentUrl":"https:\/\/mihajlaw.com\/wp-content\/uploads\/2023\/03\/mijhaj-law-logo-e1678916398425.jpg","width":1373,"height":641,"caption":"MIHAJ LAW"},"image":{"@id":"https:\/\/mihajlaw.com\/#\/schema\/logo\/image\/"}},{"@type":"Person","@id":"https:\/\/mihajlaw.com\/#\/schema\/person\/bacc49e0f3fb6b7ad305d35f0ca12f32","name":"admin","image":{"@type":"ImageObject","inLanguage":"en-US","@id":"https:\/\/mihajlaw.com\/#\/schema\/person\/image\/","url":"https:\/\/secure.gravatar.com\/avatar\/364084f025f3e59455c2c2e9fc970f2f?s=96&d=mm&r=g","contentUrl":"https:\/\/secure.gravatar.com\/avatar\/364084f025f3e59455c2c2e9fc970f2f?s=96&d=mm&r=g","caption":"admin"},"sameAs":["https:\/\/mihajlaw.com"],"url":"https:\/\/mihajlaw.com\/en\/author\/mihadmin\/"}]}},"_links":{"self":[{"href":"https:\/\/mihajlaw.com\/en\/wp-json\/wp\/v2\/posts\/6154"}],"collection":[{"href":"https:\/\/mihajlaw.com\/en\/wp-json\/wp\/v2\/posts"}],"about":[{"href":"https:\/\/mihajlaw.com\/en\/wp-json\/wp\/v2\/types\/post"}],"author":[{"embeddable":true,"href":"https:\/\/mihajlaw.com\/en\/wp-json\/wp\/v2\/users\/1"}],"replies":[{"embeddable":true,"href":"https:\/\/mihajlaw.com\/en\/wp-json\/wp\/v2\/comments?post=6154"}],"version-history":[{"count":7,"href":"https:\/\/mihajlaw.com\/en\/wp-json\/wp\/v2\/posts\/6154\/revisions"}],"predecessor-version":[{"id":6165,"href":"https:\/\/mihajlaw.com\/en\/wp-json\/wp\/v2\/posts\/6154\/revisions\/6165"}],"wp:featuredmedia":[{"embeddable":true,"href":"https:\/\/mihajlaw.com\/en\/wp-json\/wp\/v2\/media\/6158"}],"wp:attachment":[{"href":"https:\/\/mihajlaw.com\/en\/wp-json\/wp\/v2\/media?parent=6154"}],"wp:term":[{"taxonomy":"category","embeddable":true,"href":"https:\/\/mihajlaw.com\/en\/wp-json\/wp\/v2\/categories?post=6154"},{"taxonomy":"post_tag","embeddable":true,"href":"https:\/\/mihajlaw.com\/en\/wp-json\/wp\/v2\/tags?post=6154"}],"curies":[{"name":"wp","href":"https:\/\/api.w.org\/{rel}","templated":true}]}}