{"id":2171,"date":"2022-10-02T17:31:33","date_gmt":"2022-10-02T17:31:33","guid":{"rendered":"https:\/\/mihajlaw.com\/?p=2171"},"modified":"2023-03-24T13:10:35","modified_gmt":"2023-03-24T13:10:35","slug":"jubilej-konfindustrije-srbije","status":"publish","type":"post","link":"https:\/\/mihajlaw.com\/it\/jubilej-konfindustrije-srbije\/","title":{"rendered":"JUBILEJ KONFINDUSTRIJE SRBIJE"},"content":{"rendered":"<hr>\n<p><img decoding=\"async\" src=\"\/wp-content\/uploads\/2023\/02\/Jubilej-Konfindustrija-Srbije-2022-OCT-1.jpg\" alt=\"\"><\/p>\n<ul>\n<li>\n<p>        <img decoding=\"async\" src=\"\/wp-content\/uploads\/2022\/10\/Konfindustrija-Srbije-.jpg\" alt=\"\"><\/p>\n<\/li>\n<li>\n<p>        <img decoding=\"async\" src=\"\/wp-content\/uploads\/2023\/02\/Jubilej-Konfindustrija-Srbije-2022-OCT-2.jpg\" alt=\"\"><\/p>\n<\/li>\n<\/ul>\n<h2>OKT. 2022.<\/h2>\n<h1>\n<h1 class=\"uk-margin-small\">JUBILEJ KONFINDUSTRIJE SRBIJE<\/h1>\n<\/h1>\n<div>| Proslavljen desetogodi\u0161nji jubilej Konfindustrije Srbije u ambasadi Italije.<\/p>\n<p class=\"translation-block\">\u010cast nam je i zadovoljstvo \u0161to je na\u0161a Advokatska kancelarija <i>MIHAJ LAW <\/i>  od samog osnivanja Konfindustrije\r\nSrbije 2012, kao predstavni\u0161tva konfederacije italijanske industrije u Srbiji, njen \u010dlan, a advokat Vladimir Mihaj je deo tima ve\u0107a arbitara, kao organa upravljanja asocijacije, koji za cilj ima mirno re\u0161avanje svih eventualnih sporova me\u0111u \u010dlanicama.<br>\r\nZa proteklih 10 godina ostvarili smo niz konkretnih i uspe\u0161nih primera saradnje sa kompanijama koje su \u010dlanovi asocijacije. Bili smo i ostali pravna i savetodovna podr\u0161ka kompanijama koji rade na teritoriji Srbije.<br>\r\nU ambasadi Italije, uz prisustvo brojnih \u010dlanica\r\nasocijacije, predstavnika javnih institucija Srbije i Italije, kao i \u010dlanova Vlade Srbije, proslavili smo desetogodi\u0161nji jubilej.<\/p>\n<\/div>\n<p>\n    <a href=\"http:\/\/www.confindustriaserbia.rs\">Website<\/a>\n<\/p>\n<h2>LOKACIJA<\/h2>\n<div>\n<p>44.8081,20.4635<\/p>\n<\/div>\n<div>\n<p>AMBASADA ITALIJE U BEOGRADU<br \/> Bir\u010daninova br.11<\/p>\n<\/div>\n<div>\n<p>        <img decoding=\"async\" src=\"\/wp-content\/uploads\/2023\/02\/2-DSC_3448-_1-R-KADAR-FIN-copy.png\" alt=\"\"><\/p>\n<h4>AUTOR<\/h4>\n<p>Aleksandra Radovi\u0107 &#8211; Marjanovi\u0107<\/p>\n<p><a href=\"#\"><\/a><\/p>\n<\/div>\n<h2>VESTI<\/h2>\n<div>\n<\/div>\n<h2>Vesti<\/h2>\n<div>\n<\/div>\n<p><!--more--><br \/>\n<!-- {\"type\":\"layout\",\"children\":[{\"type\":\"section\",\"props\":{\"image_position\":\"center-center\",\"style\":\"default\",\"title_breakpoint\":\"xl\",\"title_position\":\"top-left\",\"title_rotation\":\"left\",\"vertical_align\":\"middle\",\"width\":\"default\"},\"children\":[{\"type\":\"row\",\"props\":{\"column_gap\":\"large\",\"layout\":\"3-4,1-4\"},\"children\":[{\"type\":\"column\",\"props\":{\"image_position\":\"center-center\",\"media_overlay_gradient\":\"\",\"position_sticky_breakpoint\":\"m\",\"width_medium\":\"3-4\",\"width_small\":\"2-3\"},\"children\":[{\"type\":\"divider\",\"props\":{\"divider_element\":\"hr\"}},{\"type\":\"breadcrumbs\",\"props\":{\"margin\":\"small\",\"show_current\":false,\"show_home\":false}},{\"type\":\"image\",\"props\":{\"image\":\"wp-content\\\/uploads\\\/2023\\\/02\\\/Jubilej-Konfindustrija-Srbije-2022-OCT-1.jpg\",\"image_alt\":\"\",\"image_height\":\"550\",\"image_loading\":true,\"image_svg_color\":\"emphasis\",\"image_width\":\"900\",\"margin\":\"default\"}},{\"type\":\"grid\",\"props\":{\"class\":\"uk-grid-margin-small\",\"content_column_breakpoint\":\"m\",\"filter_align\":\"left\",\"filter_all\":true,\"filter_grid_breakpoint\":\"m\",\"filter_grid_width\":\"auto\",\"filter_position\":\"top\",\"filter_style\":\"tab\",\"grid_column_gap\":\"small\",\"grid_default\":\"2\",\"grid_large\":\"2\",\"grid_medium\":\"\",\"grid_row_gap\":\"small\",\"icon_width\":80,\"image_align\":\"top\",\"image_grid_breakpoint\":\"m\",\"image_grid_width\":\"1-2\",\"image_height\":\"610\",\"image_svg_color\":\"emphasis\",\"image_width\":\"700\",\"item_animation\":true,\"link_style\":\"default\",\"link_text\":\"Read more\",\"margin\":\"\",\"meta_align\":\"below-title\",\"meta_element\":\"div\",\"meta_style\":\"text-meta\",\"parallax_easing\":\"1\",\"show_content\":true,\"show_image\":true,\"show_link\":true,\"show_meta\":true,\"show_title\":true,\"title_align\":\"top\",\"title_element\":\"h3\",\"title_grid_breakpoint\":\"m\",\"title_grid_width\":\"1-2\",\"title_hover_style\":\"reset\"},\"children\":[{\"type\":\"grid_item\",\"props\":{\"image\":\"wp-content\\\/uploads\\\/2022\\\/10\\\/Konfindustrija-Srbije-.jpg\",\"image_alt\":\"\",\"title\":\"\"}},{\"type\":\"grid_item\",\"props\":{\"image\":\"wp-content\\\/uploads\\\/2023\\\/02\\\/Jubilej-Konfindustrija-Srbije-2022-OCT-2.jpg\",\"image_alt\":\"\",\"title\":\"\"}}]},{\"type\":\"headline\",\"props\":{\"content\":\"OKT. 2022.\",\"margin\":\"small\",\"title_color\":\"primary\",\"title_decoration\":\"bullet\",\"title_element\":\"h2\",\"title_style\":\"h5\",\"visibility\":\"m\"},\"name\":\"Headline\"},{\"type\":\"headline\",\"props\":{\"content\":\"\n\n<h1 class=\\\"uk-margin-small\\\">JUBILEJ KONFINDUSTRIJE SRBIJE<\\\/h1>\",\"margin\":\"default\",\"title_element\":\"h1\"}},{\"type\":\"text\",\"props\":{\"column_breakpoint\":\"m\",\"content\":\"| Proslavljen desetogodi\\u0161nji jubilej Konfindustrije Srbije u ambasadi Italije.<br \/>\\n\\n\n\n<p>\\u010cast nam je i zadovoljstvo \\u0161to je na\\u0161a Advokatska kancelarija <i>MIHAJ LAW <\\\/i>  od samog osnivanja Konfindustrije\\nSrbije 2012, kao predstavni\\u0161tva konfederacije italijanske industrije u Srbiji, njen \\u010dlan, a advokat Vladimir Mihaj je deo tima ve\\u0107a arbitara, kao organa upravljanja asocijacije, koji za cilj ima mirno re\\u0161avanje svih eventualnih sporova me\\u0111u \\u010dlanicama.<br \/>\\nZa proteklih 10 godina ostvarili smo niz konkretnih i uspe\\u0161nih primera saradnje sa kompanijama koje su \\u010dlanovi asocijacije. Bili smo i ostali pravna i savetodovna podr\\u0161ka kompanijama koji rade na teritoriji Srbije.<br \/>\\nU ambasadi Italije, uz prisustvo brojnih \\u010dlanica\\nasocijacije, predstavnika javnih institucija Srbije i Italije, kao i \\u010dlanova Vlade Srbije, proslavili smo desetogodi\\u0161nji jubilej.<\\\/p>\",\"margin\":\"medium\"}}]},{\"type\":\"column\",\"props\":{\"image_position\":\"center-center\",\"media_overlay_gradient\":\"\",\"position_sticky_breakpoint\":\"m\",\"width_medium\":\"1-4\",\"width_small\":\"1-3\"},\"children\":[{\"type\":\"button\",\"props\":{\"button_size\":\"large\",\"fullwidth\":true,\"grid_column_gap\":\"small\",\"grid_row_gap\":\"small\",\"margin\":\"default\",\"visibility\":\"m\"},\"children\":[{\"type\":\"button_item\",\"props\":{\"button_style\":\"primary\",\"content\":\"Website\",\"icon_align\":\"left\",\"link\":\"http:\\\/\\\/www.confindustriaserbia.rs\",\"link_title\":\"www.confindustriaserbia.rs\"}}]},{\"type\":\"headline\",\"props\":{\"content\":\"LOKACIJA\",\"title_color\":\"muted\",\"title_decoration\":\"line\",\"title_element\":\"h2\",\"title_style\":\"h5\",\"visibility\":\"m\"},\"name\":\"Headline\"},{\"type\":\"map\",\"props\":{\"controls\":false,\"dragging\":true,\"height\":\"250\",\"image_svg_color\":\"emphasis\",\"link_style\":\"default\",\"link_text\":\"Read more\",\"margin\":\"default\",\"marker_icon\":\"wp-content\\\/uploads\\\/icon-map-marker-accommodation.svg\",\"marker_icon_height\":\"38\",\"marker_icon_width\":\"38\",\"max_zoom\":18,\"meta_align\":\"below-title\",\"meta_element\":\"div\",\"meta_style\":\"text-meta\",\"min_zoom\":\"2\",\"poi\":false,\"popup_max_width\":\"300\",\"show_content\":true,\"show_image\":true,\"show_link\":true,\"show_meta\":true,\"show_title\":true,\"title_element\":\"h3\",\"title_hover_style\":\"reset\",\"title_style\":\"h5\",\"type\":\"roadmap\",\"visibility\":\"m\",\"zoom\":12,\"zooming\":true},\"children\":[{\"type\":\"map_item\",\"props\":{\"location\":\"44.8081,20.4635\"}}]},{\"type\":\"text\",\"props\":{\"column_breakpoint\":\"m\",\"content\":\"\n\n<p>AMBASADA ITALIJE U BEOGRADU<br \/> Bir\\u010daninova br.11<\\\/p>\",\"margin\":\"small\",\"text_color\":\"muted\",\"text_style\":\"small\"}},{\"type\":\"panel\",\"props\":{\"_condition\":true,\"content\":\"\",\"content_column_breakpoint\":\"m\",\"content_margin\":\"remove\",\"content_style\":\"h6\",\"icon_width\":80,\"image\":\"wp-content\\\/uploads\\\/2023\\\/02\\\/2-DSC_3448-_1-R-KADAR-FIN-copy.png\",\"image_align\":\"left\",\"image_alt\":\"\",\"image_border\":\"circle\",\"image_grid_breakpoint\":\"\",\"image_grid_column_gap\":\"medium\",\"image_grid_width\":\"auto\",\"image_height\":\"90\",\"image_svg_color\":\"emphasis\",\"image_vertical_align\":true,\"image_width\":\"90\",\"link\":\"#\",\"link_style\":\"default\",\"link_text\":\"\",\"margin\":\"default\",\"meta\":\"Aleksandra Radovi\\u0107 - Marjanovi\\u0107\",\"meta_align\":\"below-title\",\"meta_color\":\"muted\",\"meta_element\":\"div\",\"meta_style\":\"text-small\",\"panel_link\":true,\"panel_padding\":\"small\",\"panel_style\":\"tile-muted\",\"title\":\"AUTOR\",\"title_align\":\"top\",\"title_element\":\"h4\",\"title_grid_breakpoint\":\"m\",\"title_grid_width\":\"1-2\",\"title_hover_style\":\"reset\",\"title_style\":\"h5\",\"visibility\":\"m\"}},{\"type\":\"headline\",\"props\":{\"content\":\"VESTI\",\"title_color\":\"muted\",\"title_decoration\":\"line\",\"title_element\":\"h2\",\"title_style\":\"h5\",\"visibility\":\"m\"},\"name\":\"Headline\"},{\"type\":\"text\",\"props\":{\"column_breakpoint\":\"m\",\"content\":\"\",\"margin\":\"small\"}},{\"type\":\"grid\",\"props\":{\"content_column_breakpoint\":\"m\",\"filter_align\":\"left\",\"filter_all\":true,\"filter_grid_breakpoint\":\"m\",\"filter_grid_width\":\"auto\",\"filter_position\":\"top\",\"filter_style\":\"tab\",\"grid_default\":\"1\",\"grid_divider\":true,\"grid_medium\":\"\",\"grid_row_gap\":\"small\",\"icon_width\":\"\",\"image_align\":\"left\",\"image_grid_breakpoint\":\"\",\"image_grid_column_gap\":\"small\",\"image_grid_row_gap\":\"medium\",\"image_grid_width\":\"auto\",\"image_height\":\"80\",\"image_link\":true,\"image_svg_color\":\"emphasis\",\"image_vertical_align\":true,\"image_width\":\"80\",\"item_animation\":true,\"link_style\":\"default\",\"link_text\":\"\",\"margin\":\"default\",\"meta_align\":\"below-title\",\"meta_color\":\"muted\",\"meta_element\":\"div\",\"meta_style\":\"text-small\",\"parallax_easing\":\"1\",\"show_content\":true,\"show_image\":true,\"show_link\":true,\"show_meta\":true,\"show_title\":true,\"title_align\":\"top\",\"title_element\":\"h3\",\"title_grid_breakpoint\":\"m\",\"title_grid_width\":\"1-2\",\"title_hover_style\":\"reset\",\"title_link\":true,\"title_style\":\"h6\",\"visibility\":\"m\"},\"children\":[{\"type\":\"grid_item\",\"source\":{\"query\":{\"name\":\"posts.customPosts\",\"arguments\":{\"terms\":[8],\"category_operator\":\"IN\",\"post_tag_operator\":\"IN\",\"users\":[],\"users_operator\":\"IN\",\"offset\":0,\"limit\":5,\"order\":\"date\",\"order_direction\":\"DESC\"}},\"props\":{\"title\":{\"filters\":{\"search\":\"\"},\"name\":\"title\"},\"meta\":{\"filters\":{\"search\":\"\",\"date\":\"m.Y\"},\"name\":\"date\"},\"image\":{\"filters\":{\"search\":\"\"},\"name\":\"featuredImage.url\"},\"link\":{\"filters\":{\"search\":\"\"},\"name\":\"link\"}}}}],\"name\":\"post sidebar\"}]}]},{\"type\":\"row\",\"children\":[{\"type\":\"column\",\"props\":{\"image_position\":\"center-center\",\"media_overlay_gradient\":\"\",\"position_sticky_breakpoint\":\"m\"},\"children\":[{\"type\":\"headline\",\"props\":{\"content\":\"Vesti\",\"title_decoration\":\"line\",\"title_element\":\"h2\",\"title_style\":\"h4\",\"visibility\":\"hidden-m\"},\"name\":\"Headline\"},{\"type\":\"grid\",\"props\":{\"content_column_breakpoint\":\"m\",\"filter_align\":\"left\",\"filter_all\":true,\"filter_grid_breakpoint\":\"m\",\"filter_grid_width\":\"auto\",\"filter_position\":\"top\",\"filter_style\":\"tab\",\"grid_default\":\"1\",\"grid_divider\":true,\"grid_medium\":\"\",\"grid_row_gap\":\"small\",\"icon_width\":\"\",\"image_align\":\"left\",\"image_grid_breakpoint\":\"\",\"image_grid_column_gap\":\"small\",\"image_grid_row_gap\":\"medium\",\"image_grid_width\":\"auto\",\"image_height\":\"80\",\"image_link\":true,\"image_svg_color\":\"emphasis\",\"image_vertical_align\":true,\"image_width\":\"80\",\"item_animation\":true,\"link_style\":\"default\",\"link_text\":\"\",\"margin\":\"default\",\"meta_align\":\"below-title\",\"meta_element\":\"div\",\"meta_style\":\"text-meta\",\"parallax_easing\":\"1\",\"show_content\":true,\"show_image\":true,\"show_link\":true,\"show_meta\":true,\"show_title\":true,\"title_align\":\"top\",\"title_element\":\"h3\",\"title_grid_breakpoint\":\"m\",\"title_grid_width\":\"1-2\",\"title_hover_style\":\"reset\",\"title_link\":true,\"title_style\":\"h5\",\"visibility\":\"hidden-m\"},\"children\":[{\"type\":\"grid_item\",\"source\":{\"query\":{\"name\":\"posts.customPosts\",\"arguments\":{\"terms\":[8],\"category_operator\":\"IN\",\"post_tag_operator\":\"IN\",\"users\":[],\"users_operator\":\"IN\",\"offset\":0,\"limit\":5,\"order\":\"date\",\"order_direction\":\"DESC\"}},\"props\":{\"title\":{\"filters\":{\"search\":\"\"},\"name\":\"title\"},\"image\":{\"filters\":{\"search\":\"\"},\"name\":\"featuredImage.url\"},\"link\":{\"filters\":{\"search\":\"\"},\"name\":\"link\"},\"meta\":{\"filters\":{\"search\":\"\",\"date\":\"m.Y\"},\"name\":\"date\"}}}}]}]}]}],\"name\":\"00002 post\"}],\"version\":\"3.0.23\"} --><\/p>","protected":false},"excerpt":{"rendered":"<p>OKT. 2022. JUBILEJ KONFINDUSTRIJE SRBIJE | Proslavljen desetogodi\u0161nji jubilej Konfindustrije Srbije u ambasadi Italije. \u010cast nam je i zadovoljstvo \u0161to je na\u0161a Advokatska kancelarija MIHAJ LAW od samog osnivanja Konfindustrije Srbije 2012, kao predstavni\u0161tva konfederacije italijanske industrije u Srbiji, njen \u010dlan, a advokat Vladimir Mihaj je deo tima ve\u0107a arbitara, kao organa upravljanja asocijacije, koji [&hellip;]<\/p>","protected":false},"author":1,"featured_media":5722,"comment_status":"closed","ping_status":"closed","sticky":false,"template":"","format":"standard","meta":[],"categories":[8],"tags":[7],"yoast_head":"<!-- This site is optimized with the Yoast SEO plugin v20.3 - https:\/\/yoast.com\/wordpress\/plugins\/seo\/ -->\n<title>JUBILEJ KONFINDUSTRIJE SRBIJE | Mihaj Law<\/title>\n<meta name=\"robots\" content=\"index, follow, max-snippet:-1, max-image-preview:large, max-video-preview:-1\" \/>\n<link rel=\"canonical\" href=\"https:\/\/mihajlaw.com\/it\/jubilej-konfindustrije-srbije\/\" \/>\n<meta property=\"og:locale\" content=\"it_IT\" \/>\n<meta property=\"og:type\" content=\"article\" \/>\n<meta property=\"og:title\" content=\"JUBILEJ KONFINDUSTRIJE SRBIJE | Mihaj Law\" \/>\n<meta property=\"og:description\" content=\"OKT. 2022. JUBILEJ KONFINDUSTRIJE SRBIJE | Proslavljen desetogodi\u0161nji jubilej Konfindustrije Srbije u ambasadi Italije. \u010cast nam je i zadovoljstvo \u0161to je na\u0161a Advokatska kancelarija MIHAJ LAW od samog osnivanja Konfindustrije Srbije 2012, kao predstavni\u0161tva konfederacije italijanske industrije u Srbiji, njen \u010dlan, a advokat Vladimir Mihaj je deo tima ve\u0107a arbitara, kao organa upravljanja asocijacije, koji [&hellip;]\" \/>\n<meta property=\"og:url\" content=\"https:\/\/mihajlaw.com\/it\/jubilej-konfindustrije-srbije\/\" \/>\n<meta property=\"og:site_name\" content=\"Mihaj Law\" \/>\n<meta property=\"article:published_time\" content=\"2022-10-02T17:31:33+00:00\" \/>\n<meta property=\"article:modified_time\" content=\"2023-03-24T13:10:35+00:00\" \/>\n<meta property=\"og:image\" content=\"https:\/\/mihajlaw.com\/wp-content\/uploads\/2022\/10\/confiindustria-1-1.jpg\" \/>\n\t<meta property=\"og:image:width\" content=\"1666\" \/>\n\t<meta property=\"og:image:height\" content=\"1250\" \/>\n\t<meta property=\"og:image:type\" content=\"image\/jpeg\" \/>\n<meta name=\"author\" content=\"admin\" \/>\n<meta name=\"twitter:card\" content=\"summary_large_image\" \/>\n<meta name=\"twitter:label1\" content=\"Scritto da\" \/>\n\t<meta name=\"twitter:data1\" content=\"admin\" \/>\n\t<meta name=\"twitter:label2\" content=\"Tempo di lettura stimato\" \/>\n\t<meta name=\"twitter:data2\" content=\"3 minuti\" \/>\n<script type=\"application\/ld+json\" class=\"yoast-schema-graph\">{\"@context\":\"https:\/\/schema.org\",\"@graph\":[{\"@type\":\"Article\",\"@id\":\"https:\/\/mihajlaw.com\/jubilej-konfindustrije-srbije\/#article\",\"isPartOf\":{\"@id\":\"https:\/\/mihajlaw.com\/jubilej-konfindustrije-srbije\/\"},\"author\":{\"name\":\"admin\",\"@id\":\"https:\/\/mihajlaw.com\/#\/schema\/person\/bacc49e0f3fb6b7ad305d35f0ca12f32\"},\"headline\":\"JUBILEJ KONFINDUSTRIJE SRBIJE\",\"datePublished\":\"2022-10-02T17:31:33+00:00\",\"dateModified\":\"2023-03-24T13:10:35+00:00\",\"mainEntityOfPage\":{\"@id\":\"https:\/\/mihajlaw.com\/jubilej-konfindustrije-srbije\/\"},\"wordCount\":144,\"publisher\":{\"@id\":\"https:\/\/mihajlaw.com\/#organization\"},\"keywords\":[\"Beograd\"],\"articleSection\":[\"Vesti\"],\"inLanguage\":\"it-IT\"},{\"@type\":\"WebPage\",\"@id\":\"https:\/\/mihajlaw.com\/jubilej-konfindustrije-srbije\/\",\"url\":\"https:\/\/mihajlaw.com\/jubilej-konfindustrije-srbije\/\",\"name\":\"JUBILEJ KONFINDUSTRIJE SRBIJE | Mihaj Law\",\"isPartOf\":{\"@id\":\"https:\/\/mihajlaw.com\/#website\"},\"datePublished\":\"2022-10-02T17:31:33+00:00\",\"dateModified\":\"2023-03-24T13:10:35+00:00\",\"breadcrumb\":{\"@id\":\"https:\/\/mihajlaw.com\/jubilej-konfindustrije-srbije\/#breadcrumb\"},\"inLanguage\":\"it-IT\",\"potentialAction\":[{\"@type\":\"ReadAction\",\"target\":[\"https:\/\/mihajlaw.com\/jubilej-konfindustrije-srbije\/\"]}]},{\"@type\":\"BreadcrumbList\",\"@id\":\"https:\/\/mihajlaw.com\/jubilej-konfindustrije-srbije\/#breadcrumb\",\"itemListElement\":[{\"@type\":\"ListItem\",\"position\":1,\"name\":\"Home\",\"item\":\"https:\/\/mihajlaw.com\/\"},{\"@type\":\"ListItem\",\"position\":2,\"name\":\"JUBILEJ KONFINDUSTRIJE SRBIJE\"}]},{\"@type\":\"WebSite\",\"@id\":\"https:\/\/mihajlaw.com\/#website\",\"url\":\"https:\/\/mihajlaw.com\/\",\"name\":\"Mihaj Law\",\"description\":\"ADVOKATURA PO MERI KLIJENTA\",\"publisher\":{\"@id\":\"https:\/\/mihajlaw.com\/#organization\"},\"potentialAction\":[{\"@type\":\"SearchAction\",\"target\":{\"@type\":\"EntryPoint\",\"urlTemplate\":\"https:\/\/mihajlaw.com\/?s={search_term_string}\"},\"query-input\":\"required name=search_term_string\"}],\"inLanguage\":\"it-IT\"},{\"@type\":\"Organization\",\"@id\":\"https:\/\/mihajlaw.com\/#organization\",\"name\":\"MIHAJ LAW\",\"url\":\"https:\/\/mihajlaw.com\/\",\"logo\":{\"@type\":\"ImageObject\",\"inLanguage\":\"it-IT\",\"@id\":\"https:\/\/mihajlaw.com\/#\/schema\/logo\/image\/\",\"url\":\"https:\/\/mihajlaw.com\/wp-content\/uploads\/2023\/03\/mijhaj-law-logo-e1678916398425.jpg\",\"contentUrl\":\"https:\/\/mihajlaw.com\/wp-content\/uploads\/2023\/03\/mijhaj-law-logo-e1678916398425.jpg\",\"width\":1373,\"height\":641,\"caption\":\"MIHAJ LAW\"},\"image\":{\"@id\":\"https:\/\/mihajlaw.com\/#\/schema\/logo\/image\/\"}},{\"@type\":\"Person\",\"@id\":\"https:\/\/mihajlaw.com\/#\/schema\/person\/bacc49e0f3fb6b7ad305d35f0ca12f32\",\"name\":\"admin\",\"image\":{\"@type\":\"ImageObject\",\"inLanguage\":\"it-IT\",\"@id\":\"https:\/\/mihajlaw.com\/#\/schema\/person\/image\/\",\"url\":\"https:\/\/secure.gravatar.com\/avatar\/364084f025f3e59455c2c2e9fc970f2f?s=96&d=mm&r=g\",\"contentUrl\":\"https:\/\/secure.gravatar.com\/avatar\/364084f025f3e59455c2c2e9fc970f2f?s=96&d=mm&r=g\",\"caption\":\"admin\"},\"sameAs\":[\"https:\/\/mihajlaw.com\"],\"url\":\"https:\/\/mihajlaw.com\/it\/author\/mihadmin\/\"}]}<\/script>\n<!-- \/ Yoast SEO plugin. -->","yoast_head_json":{"title":"JUBILEJ KONFINDUSTRIJE SRBIJE | Mihaj Law","robots":{"index":"index","follow":"follow","max-snippet":"max-snippet:-1","max-image-preview":"max-image-preview:large","max-video-preview":"max-video-preview:-1"},"canonical":"https:\/\/mihajlaw.com\/it\/jubilej-konfindustrije-srbije\/","og_locale":"it_IT","og_type":"article","og_title":"JUBILEJ KONFINDUSTRIJE SRBIJE | Mihaj Law","og_description":"OKT. 2022. JUBILEJ KONFINDUSTRIJE SRBIJE | Proslavljen desetogodi\u0161nji jubilej Konfindustrije Srbije u ambasadi Italije. \u010cast nam je i zadovoljstvo \u0161to je na\u0161a Advokatska kancelarija MIHAJ LAW od samog osnivanja Konfindustrije Srbije 2012, kao predstavni\u0161tva konfederacije italijanske industrije u Srbiji, njen \u010dlan, a advokat Vladimir Mihaj je deo tima ve\u0107a arbitara, kao organa upravljanja asocijacije, koji [&hellip;]","og_url":"https:\/\/mihajlaw.com\/it\/jubilej-konfindustrije-srbije\/","og_site_name":"Mihaj Law","article_published_time":"2022-10-02T17:31:33+00:00","article_modified_time":"2023-03-24T13:10:35+00:00","og_image":[{"width":1666,"height":1250,"url":"https:\/\/mihajlaw.com\/wp-content\/uploads\/2022\/10\/confiindustria-1-1.jpg","type":"image\/jpeg"}],"author":"admin","twitter_card":"summary_large_image","twitter_misc":{"Scritto da":"admin","Tempo di lettura stimato":"3 minuti"},"schema":{"@context":"https:\/\/schema.org","@graph":[{"@type":"Article","@id":"https:\/\/mihajlaw.com\/jubilej-konfindustrije-srbije\/#article","isPartOf":{"@id":"https:\/\/mihajlaw.com\/jubilej-konfindustrije-srbije\/"},"author":{"name":"admin","@id":"https:\/\/mihajlaw.com\/#\/schema\/person\/bacc49e0f3fb6b7ad305d35f0ca12f32"},"headline":"JUBILEJ KONFINDUSTRIJE SRBIJE","datePublished":"2022-10-02T17:31:33+00:00","dateModified":"2023-03-24T13:10:35+00:00","mainEntityOfPage":{"@id":"https:\/\/mihajlaw.com\/jubilej-konfindustrije-srbije\/"},"wordCount":144,"publisher":{"@id":"https:\/\/mihajlaw.com\/#organization"},"keywords":["Beograd"],"articleSection":["Vesti"],"inLanguage":"it-IT"},{"@type":"WebPage","@id":"https:\/\/mihajlaw.com\/jubilej-konfindustrije-srbije\/","url":"https:\/\/mihajlaw.com\/jubilej-konfindustrije-srbije\/","name":"JUBILEJ KONFINDUSTRIJE SRBIJE | Mihaj Law","isPartOf":{"@id":"https:\/\/mihajlaw.com\/#website"},"datePublished":"2022-10-02T17:31:33+00:00","dateModified":"2023-03-24T13:10:35+00:00","breadcrumb":{"@id":"https:\/\/mihajlaw.com\/jubilej-konfindustrije-srbije\/#breadcrumb"},"inLanguage":"it-IT","potentialAction":[{"@type":"ReadAction","target":["https:\/\/mihajlaw.com\/jubilej-konfindustrije-srbije\/"]}]},{"@type":"BreadcrumbList","@id":"https:\/\/mihajlaw.com\/jubilej-konfindustrije-srbije\/#breadcrumb","itemListElement":[{"@type":"ListItem","position":1,"name":"Home","item":"https:\/\/mihajlaw.com\/"},{"@type":"ListItem","position":2,"name":"JUBILEJ KONFINDUSTRIJE SRBIJE"}]},{"@type":"WebSite","@id":"https:\/\/mihajlaw.com\/#website","url":"https:\/\/mihajlaw.com\/","name":"Mihaj Law","description":"ADVOKATURA PO MERI KLIJENTA","publisher":{"@id":"https:\/\/mihajlaw.com\/#organization"},"potentialAction":[{"@type":"SearchAction","target":{"@type":"EntryPoint","urlTemplate":"https:\/\/mihajlaw.com\/?s={search_term_string}"},"query-input":"required name=search_term_string"}],"inLanguage":"it-IT"},{"@type":"Organization","@id":"https:\/\/mihajlaw.com\/#organization","name":"MIHAJ LAW.","url":"https:\/\/mihajlaw.com\/","logo":{"@type":"ImageObject","inLanguage":"it-IT","@id":"https:\/\/mihajlaw.com\/#\/schema\/logo\/image\/","url":"https:\/\/mihajlaw.com\/wp-content\/uploads\/2023\/03\/mijhaj-law-logo-e1678916398425.jpg","contentUrl":"https:\/\/mihajlaw.com\/wp-content\/uploads\/2023\/03\/mijhaj-law-logo-e1678916398425.jpg","width":1373,"height":641,"caption":"MIHAJ LAW"},"image":{"@id":"https:\/\/mihajlaw.com\/#\/schema\/logo\/image\/"}},{"@type":"Person","@id":"https:\/\/mihajlaw.com\/#\/schema\/person\/bacc49e0f3fb6b7ad305d35f0ca12f32","name":"admin","image":{"@type":"ImageObject","inLanguage":"it-IT","@id":"https:\/\/mihajlaw.com\/#\/schema\/person\/image\/","url":"https:\/\/secure.gravatar.com\/avatar\/364084f025f3e59455c2c2e9fc970f2f?s=96&d=mm&r=g","contentUrl":"https:\/\/secure.gravatar.com\/avatar\/364084f025f3e59455c2c2e9fc970f2f?s=96&d=mm&r=g","caption":"admin"},"sameAs":["https:\/\/mihajlaw.com"],"url":"https:\/\/mihajlaw.com\/it\/author\/mihadmin\/"}]}},"_links":{"self":[{"href":"https:\/\/mihajlaw.com\/it\/wp-json\/wp\/v2\/posts\/2171"}],"collection":[{"href":"https:\/\/mihajlaw.com\/it\/wp-json\/wp\/v2\/posts"}],"about":[{"href":"https:\/\/mihajlaw.com\/it\/wp-json\/wp\/v2\/types\/post"}],"author":[{"embeddable":true,"href":"https:\/\/mihajlaw.com\/it\/wp-json\/wp\/v2\/users\/1"}],"replies":[{"embeddable":true,"href":"https:\/\/mihajlaw.com\/it\/wp-json\/wp\/v2\/comments?post=2171"}],"version-history":[{"count":53,"href":"https:\/\/mihajlaw.com\/it\/wp-json\/wp\/v2\/posts\/2171\/revisions"}],"predecessor-version":[{"id":5843,"href":"https:\/\/mihajlaw.com\/it\/wp-json\/wp\/v2\/posts\/2171\/revisions\/5843"}],"wp:featuredmedia":[{"embeddable":true,"href":"https:\/\/mihajlaw.com\/it\/wp-json\/wp\/v2\/media\/5722"}],"wp:attachment":[{"href":"https:\/\/mihajlaw.com\/it\/wp-json\/wp\/v2\/media?parent=2171"}],"wp:term":[{"taxonomy":"category","embeddable":true,"href":"https:\/\/mihajlaw.com\/it\/wp-json\/wp\/v2\/categories?post=2171"},{"taxonomy":"post_tag","embeddable":true,"href":"https:\/\/mihajlaw.com\/it\/wp-json\/wp\/v2\/tags?post=2171"}],"curies":[{"name":"wp","href":"https:\/\/api.w.org\/{rel}","templated":true}]}}