{"id":6206,"date":"2024-05-15T21:50:47","date_gmt":"2024-05-15T21:50:47","guid":{"rendered":"https:\/\/mihajlaw.com\/?p=6206"},"modified":"2024-05-22T08:07:47","modified_gmt":"2024-05-22T08:07:47","slug":"advokat-aleksandra-stefanovic-na-hr-forumu-konfindustrije-srbija","status":"publish","type":"post","link":"https:\/\/mihajlaw.com\/it\/advokat-aleksandra-stefanovic-na-hr-forumu-konfindustrije-srbija\/","title":{"rendered":"Advokat Aleksandra Stefanovi\u0107 na HR forumu Konfindustrije Srbija"},"content":{"rendered":"<hr>\n<p><img decoding=\"async\" src=\"\/wp-content\/uploads\/2024\/05\/HR-Forum-Konfindustrija-Srbije-1715262457403-scaled.jpeg\" alt=\"\"><\/p>\n<ul>\n<li>\n<p>        <img decoding=\"async\" src=\"\/wp-content\/uploads\/2024\/05\/HR-Forum-Konfindustrija-Srbije-1715262457375-1-scaled.jpg\" alt=\"\"><\/p>\n<\/li>\n<li>\n<p>        <img decoding=\"async\" src=\"\/wp-content\/uploads\/2024\/05\/HR-Forum-Konfindustrija-Srbije-1715262457396-1.jpg\" alt=\"\"><\/p>\n<\/li>\n<\/ul>\n<h2>24. MAJ. 2024.<\/h2>\n<h1>\n<p class=\"p1\">Advokat Aleksandra Stefanovi\u0107 na HR Forumu Konfindustrije Srbije<\/p>\n<\/h1>\n<div>\n<p>| U organizaciji Konfindustrije Srbije odr\u017ean je novi susret HR Foruma.<\/p>\n<p class=\"p1 translation-block\">Susret je za&nbsp;fokus imao aktuelne teme u vezi sa primenom odredbi <b>Zakona o strancima i Zakona o zapo\u0161ljavanju stranaca<\/b>, a \u010dija je primena zvani\u010dno otpo\u010dela pre \u010detiri meseca.<\/p>\n<p class=\"p1\">Tokom prvog dela susreta,\u00a0<b>advokat na\u0161e kancelarije Aleksandra Stefanovi\u0107,<\/b> pru\u017eila je pregled klju\u010dnih novina, koje donosi novi Zakon o strancima i novi Zakon o zapo\u0161ljavanju stranaca.\u00a0<\/p>\n<p class=\"p1\">U drugom delu susreta do\u0161lo do interaktivne diskusije izmedu HR profesionalaca i predstavnica Nacionalne slu\u017ebe za zapo\u0161ljavanje koji su bili gosti dana\u0161njeg skupa: Senke Stojkovi\u0107 i Vidosave Krsti\u0107, koje su odgovarale na brojna pitanja i nedoumice u vezi sa procedurom zapo\u0161ljavanja stranaca i neophodnim koracima.<\/p>\n<p class=\"p1\">Cilj ovog HR foruma bio je, izme\u0111u ostalog, da se poku\u0161aju ponuditi<span class=\"Apple-converted-space\"> <\/span>re\u0161enja na odre\u0111ene nedoumice i nejasno\u0107e u vezi sa funkcionisanjem\u00a0<b>portala \u201eWelcome To Serbia\u201c.<\/b><\/p>\n<p class=\"p1\">Nakon susreta, usledio je networking uz koktel i osve\u017eenje.<\/p>\n<\/div>\n<div>\n<p>        <img decoding=\"async\" src=\"\/wp-content\/uploads\/2023\/02\/2-DSC_3448-_1-R-KADAR-FIN-copy.png\" alt=\"\"><\/p>\n<h4>AUTOR<\/h4>\n<p>Aleksandra Radovi\u0107 &#8211; Marjanovi\u0107<\/p>\n<p><a href=\"#\"><\/a><\/p>\n<\/div>\n<h2>VESTI<\/h2>\n<div>\n<\/div>\n<h2>Vesti<\/h2>\n<div>\n<\/div>\n<p><!--more--><br \/>\n<!-- {\"type\":\"layout\",\"children\":[{\"type\":\"section\",\"props\":{\"image_position\":\"center-center\",\"style\":\"default\",\"title_breakpoint\":\"xl\",\"title_position\":\"top-left\",\"title_rotation\":\"left\",\"vertical_align\":\"middle\",\"width\":\"default\"},\"children\":[{\"type\":\"row\",\"props\":{\"column_gap\":\"large\",\"layout\":\"3-4,1-4\"},\"children\":[{\"type\":\"column\",\"props\":{\"image_position\":\"center-center\",\"media_overlay_gradient\":\"\",\"position_sticky_breakpoint\":\"m\",\"width_medium\":\"3-4\",\"width_small\":\"2-3\"},\"children\":[{\"type\":\"divider\",\"props\":{\"divider_element\":\"hr\"}},{\"type\":\"breadcrumbs\",\"props\":{\"margin\":\"small\",\"show_current\":false,\"show_home\":false}},{\"type\":\"image\",\"props\":{\"image\":\"wp-content\\\/uploads\\\/2024\\\/05\\\/HR-Forum-Konfindustrija-Srbije-1715262457403-scaled.jpeg\",\"image_svg_color\":\"emphasis\",\"margin\":\"default\"}},{\"type\":\"gallery\",\"props\":{\"filter_align\":\"left\",\"filter_all\":true,\"filter_grid_breakpoint\":\"m\",\"filter_grid_width\":\"auto\",\"filter_position\":\"top\",\"filter_style\":\"tab\",\"grid_default\":\"1\",\"grid_medium\":\"2\",\"item_animation\":true,\"link_style\":\"default\",\"link_text\":\"Read more\",\"margin\":\"default\",\"meta_align\":\"below-title\",\"meta_element\":\"div\",\"meta_style\":\"text-meta\",\"overlay_hover\":true,\"overlay_maxwidth\":\"large\",\"overlay_mode\":\"cover\",\"overlay_position\":\"center\",\"overlay_style\":\"overlay-primary\",\"overlay_transition\":\"fade\",\"show_content\":true,\"show_hover_image\":true,\"show_link\":true,\"show_meta\":true,\"show_title\":true,\"text_align\":\"center\",\"text_color\":\"light\",\"title_element\":\"h3\",\"title_hover_style\":\"reset\"},\"children\":[{\"type\":\"gallery_item\",\"props\":{\"image\":\"wp-content\\\/uploads\\\/2024\\\/05\\\/HR-Forum-Konfindustrija-Srbije-1715262457375-1-scaled.jpg\"}},{\"type\":\"gallery_item\",\"props\":{\"image\":\"wp-content\\\/uploads\\\/2024\\\/05\\\/HR-Forum-Konfindustrija-Srbije-1715262457396-1.jpg\"}}]},{\"type\":\"headline\",\"props\":{\"content\":\"24. MAJ. 2024.\",\"margin\":\"small\",\"title_color\":\"primary\",\"title_decoration\":\"bullet\",\"title_element\":\"h2\",\"title_style\":\"h5\",\"visibility\":\"m\"},\"name\":\"Headline\"},{\"type\":\"headline\",\"props\":{\"content\":\"\n\n<p class=\\\"p1\\\">Advokat Aleksandra Stefanovi\\u0107 na HR Forumu Konfindustrije Srbije<\\\/p>\",\"margin\":\"default\",\"title_element\":\"h1\"}},{\"type\":\"text\",\"props\":{\"column_breakpoint\":\"m\",\"content\":\"\n\n<p>| U organizaciji Konfindustrije Srbije odr\\u017ean je novi susret HR Foruma.<\\\/p>\\n\n\n<p class=\\\"p1\\\">Susret je za\\u00a0fokus imao aktuelne teme u vezi sa primenom odredbi <b>Zakona o strancima i Zakona o zapo\\u0161ljavanju stranaca<\\\/b>, a \\u010dija je primena zvani\\u010dno otpo\\u010dela pre \\u010detiri meseca.<\\\/p>\\n\n\n<p class=\\\"p1\\\">Tokom prvog dela susreta,\\u00a0<b>advokat na\\u0161e kancelarije Aleksandra Stefanovi\\u0107,<\\\/b> pru\\u017eila je pregled klju\\u010dnih novina, koje donosi novi Zakon o strancima i novi Zakon o zapo\\u0161ljavanju stranaca.\\u00a0<\\\/p>\\n\n\n<p class=\\\"p1\\\">U drugom delu susreta do\\u0161lo do interaktivne diskusije izmedu HR profesionalaca i predstavnica Nacionalne slu\\u017ebe za zapo\\u0161ljavanje koji su bili gosti dana\\u0161njeg skupa: Senke Stojkovi\\u0107 i Vidosave Krsti\\u0107, koje su odgovarale na brojna pitanja i nedoumice u vezi sa procedurom zapo\\u0161ljavanja stranaca i neophodnim koracima.<\\\/p>\\n\n\n<p class=\\\"p1\\\">Cilj ovog HR foruma bio je, izme\\u0111u ostalog, da se poku\\u0161aju ponuditi<span class=\\\"Apple-converted-space\\\"> <\\\/span>re\\u0161enja na odre\\u0111ene nedoumice i nejasno\\u0107e u vezi sa funkcionisanjem\\u00a0<b>portala \\u201eWelcome To Serbia\\u201c.<\\\/b><\\\/p>\\n\n\n<p class=\\\"p1\\\">Nakon susreta, usledio je networking uz koktel i osve\\u017eenje.<\\\/p>\",\"dropcap\":false,\"margin\":\"default\"}}]},{\"type\":\"column\",\"props\":{\"image_position\":\"center-center\",\"media_overlay_gradient\":\"\",\"position_sticky_breakpoint\":\"m\",\"width_medium\":\"1-4\",\"width_small\":\"1-3\"},\"children\":[{\"type\":\"panel\",\"props\":{\"_condition\":true,\"content\":\"\",\"content_column_breakpoint\":\"m\",\"content_margin\":\"remove\",\"content_style\":\"h6\",\"icon_width\":80,\"image\":\"wp-content\\\/uploads\\\/2023\\\/02\\\/2-DSC_3448-_1-R-KADAR-FIN-copy.png\",\"image_align\":\"left\",\"image_alt\":\"\",\"image_border\":\"circle\",\"image_grid_breakpoint\":\"\",\"image_grid_column_gap\":\"medium\",\"image_grid_width\":\"auto\",\"image_height\":\"90\",\"image_svg_color\":\"emphasis\",\"image_vertical_align\":true,\"image_width\":\"90\",\"link\":\"#\",\"link_style\":\"default\",\"link_text\":\"\",\"margin\":\"default\",\"meta\":\"Aleksandra Radovi\\u0107 - Marjanovi\\u0107\",\"meta_align\":\"below-title\",\"meta_color\":\"muted\",\"meta_element\":\"div\",\"meta_style\":\"text-small\",\"panel_link\":true,\"panel_padding\":\"small\",\"panel_style\":\"tile-muted\",\"title\":\"AUTOR\",\"title_align\":\"top\",\"title_element\":\"h4\",\"title_grid_breakpoint\":\"m\",\"title_grid_width\":\"1-2\",\"title_hover_style\":\"reset\",\"title_style\":\"h5\",\"visibility\":\"m\"}},{\"type\":\"headline\",\"props\":{\"content\":\"VESTI\",\"title_color\":\"muted\",\"title_decoration\":\"line\",\"title_element\":\"h2\",\"title_style\":\"h5\",\"visibility\":\"m\"},\"name\":\"Headline\"},{\"type\":\"text\",\"props\":{\"column_breakpoint\":\"m\",\"content\":\"\",\"margin\":\"small\"}},{\"type\":\"grid\",\"props\":{\"content_column_breakpoint\":\"m\",\"filter_align\":\"left\",\"filter_all\":true,\"filter_grid_breakpoint\":\"m\",\"filter_grid_width\":\"auto\",\"filter_position\":\"top\",\"filter_style\":\"tab\",\"grid_default\":\"1\",\"grid_divider\":true,\"grid_medium\":\"\",\"grid_row_gap\":\"small\",\"icon_width\":\"\",\"image_align\":\"left\",\"image_grid_breakpoint\":\"\",\"image_grid_column_gap\":\"small\",\"image_grid_row_gap\":\"medium\",\"image_grid_width\":\"auto\",\"image_height\":\"80\",\"image_link\":true,\"image_svg_color\":\"emphasis\",\"image_vertical_align\":true,\"image_width\":\"80\",\"item_animation\":true,\"link_style\":\"default\",\"link_text\":\"\",\"margin\":\"default\",\"meta_align\":\"below-title\",\"meta_color\":\"muted\",\"meta_element\":\"div\",\"meta_style\":\"text-small\",\"parallax_easing\":\"1\",\"show_content\":true,\"show_image\":true,\"show_link\":true,\"show_meta\":true,\"show_title\":true,\"title_align\":\"top\",\"title_element\":\"h3\",\"title_grid_breakpoint\":\"m\",\"title_grid_width\":\"1-2\",\"title_hover_style\":\"reset\",\"title_link\":true,\"title_style\":\"h6\",\"visibility\":\"m\"},\"children\":[{\"type\":\"grid_item\",\"source\":{\"query\":{\"name\":\"posts.customPosts\",\"arguments\":{\"terms\":[8],\"category_operator\":\"IN\",\"post_tag_operator\":\"IN\",\"users\":[],\"users_operator\":\"IN\",\"offset\":0,\"limit\":5,\"order\":\"date\",\"order_direction\":\"DESC\"}},\"props\":{\"title\":{\"filters\":{\"search\":\"\"},\"name\":\"title\"},\"meta\":{\"filters\":{\"search\":\"\",\"date\":\"m.Y\"},\"name\":\"date\"},\"image\":{\"filters\":{\"search\":\"\"},\"name\":\"featuredImage.url\"},\"link\":{\"filters\":{\"search\":\"\"},\"name\":\"link\"}}}}],\"name\":\"post sidebar\"}]}]},{\"type\":\"row\",\"children\":[{\"type\":\"column\",\"props\":{\"image_position\":\"center-center\",\"media_overlay_gradient\":\"\",\"position_sticky_breakpoint\":\"m\"},\"children\":[{\"type\":\"headline\",\"props\":{\"content\":\"Vesti\",\"title_decoration\":\"line\",\"title_element\":\"h2\",\"title_style\":\"h4\",\"visibility\":\"hidden-m\"},\"name\":\"Headline\"},{\"type\":\"grid\",\"props\":{\"content_column_breakpoint\":\"m\",\"filter_align\":\"left\",\"filter_all\":true,\"filter_grid_breakpoint\":\"m\",\"filter_grid_width\":\"auto\",\"filter_position\":\"top\",\"filter_style\":\"tab\",\"grid_default\":\"1\",\"grid_divider\":true,\"grid_medium\":\"\",\"grid_row_gap\":\"small\",\"icon_width\":\"\",\"image_align\":\"left\",\"image_grid_breakpoint\":\"\",\"image_grid_column_gap\":\"small\",\"image_grid_row_gap\":\"medium\",\"image_grid_width\":\"auto\",\"image_height\":\"80\",\"image_link\":true,\"image_svg_color\":\"emphasis\",\"image_vertical_align\":true,\"image_width\":\"80\",\"item_animation\":true,\"link_style\":\"default\",\"link_text\":\"\",\"margin\":\"default\",\"meta_align\":\"below-title\",\"meta_element\":\"div\",\"meta_style\":\"text-meta\",\"parallax_easing\":\"1\",\"show_content\":true,\"show_image\":true,\"show_link\":true,\"show_meta\":true,\"show_title\":true,\"title_align\":\"top\",\"title_element\":\"h3\",\"title_grid_breakpoint\":\"m\",\"title_grid_width\":\"1-2\",\"title_hover_style\":\"reset\",\"title_link\":true,\"title_style\":\"h5\",\"visibility\":\"hidden-m\"},\"children\":[{\"type\":\"grid_item\",\"source\":{\"query\":{\"name\":\"posts.customPosts\",\"arguments\":{\"terms\":[8],\"category_operator\":\"IN\",\"post_tag_operator\":\"IN\",\"users\":[],\"users_operator\":\"IN\",\"offset\":0,\"limit\":5,\"order\":\"date\",\"order_direction\":\"DESC\"}},\"props\":{\"title\":{\"filters\":{\"search\":\"\"},\"name\":\"title\"},\"image\":{\"filters\":{\"search\":\"\"},\"name\":\"featuredImage.url\"},\"link\":{\"filters\":{\"search\":\"\"},\"name\":\"link\"},\"meta\":{\"filters\":{\"search\":\"\",\"date\":\"m.Y\"},\"name\":\"date\"}}}}]}]}]}],\"name\":\"BLOG FORMA\"}],\"version\":\"3.0.23\"} --><\/p>","protected":false},"excerpt":{"rendered":"<p>24. MAJ. 2024. Advokat Aleksandra Stefanovi\u0107 na HR Forumu Konfindustrije Srbije | U organizaciji Konfindustrije Srbije odr\u017ean je novi susret HR Foruma. Susret je za\u00a0fokus imao aktuelne teme u vezi sa primenom odredbi Zakona o strancima i Zakona o zapo\u0161ljavanju stranaca, a \u010dija je primena zvani\u010dno otpo\u010dela pre \u010detiri meseca. Tokom prvog dela susreta,\u00a0advokat na\u0161e [&hellip;]<\/p>","protected":false},"author":1,"featured_media":6208,"comment_status":"closed","ping_status":"closed","sticky":false,"template":"","format":"standard","meta":[],"categories":[8],"tags":[],"yoast_head":"<!-- This site is optimized with the Yoast SEO plugin v20.3 - https:\/\/yoast.com\/wordpress\/plugins\/seo\/ -->\n<title>Advokat Aleksandra Stefanovi\u0107 na HR forumu Konfindustrije Srbija | Mihaj Law<\/title>\n<meta name=\"robots\" content=\"index, follow, max-snippet:-1, max-image-preview:large, max-video-preview:-1\" \/>\n<link rel=\"canonical\" href=\"https:\/\/mihajlaw.com\/it\/advokat-aleksandra-stefanovic-na-hr-forumu-konfindustrije-srbija\/\" \/>\n<meta property=\"og:locale\" content=\"it_IT\" \/>\n<meta property=\"og:type\" content=\"article\" \/>\n<meta property=\"og:title\" content=\"Advokat Aleksandra Stefanovi\u0107 na HR forumu Konfindustrije Srbija | Mihaj Law\" \/>\n<meta property=\"og:description\" content=\"24. MAJ. 2024. Advokat Aleksandra Stefanovi\u0107 na HR Forumu Konfindustrije Srbije | U organizaciji Konfindustrije Srbije odr\u017ean je novi susret HR Foruma. Susret je za\u00a0fokus imao aktuelne teme u vezi sa primenom odredbi Zakona o strancima i Zakona o zapo\u0161ljavanju stranaca, a \u010dija je primena zvani\u010dno otpo\u010dela pre \u010detiri meseca. Tokom prvog dela susreta,\u00a0advokat na\u0161e [&hellip;]\" \/>\n<meta property=\"og:url\" content=\"https:\/\/mihajlaw.com\/it\/advokat-aleksandra-stefanovic-na-hr-forumu-konfindustrije-srbija\/\" \/>\n<meta property=\"og:site_name\" content=\"Mihaj Law\" \/>\n<meta property=\"article:published_time\" content=\"2024-05-15T21:50:47+00:00\" \/>\n<meta property=\"article:modified_time\" content=\"2024-05-22T08:07:47+00:00\" \/>\n<meta property=\"og:image\" content=\"https:\/\/mihajlaw.com\/wp-content\/uploads\/2024\/05\/HR-Forum-Konfindustrija-Srbije-1715262457403-scaled.jpeg\" \/>\n\t<meta property=\"og:image:width\" content=\"2560\" \/>\n\t<meta property=\"og:image:height\" content=\"1615\" \/>\n\t<meta property=\"og:image:type\" content=\"image\/jpeg\" \/>\n<meta name=\"author\" content=\"admin\" \/>\n<meta name=\"twitter:card\" content=\"summary_large_image\" \/>\n<meta name=\"twitter:label1\" content=\"Scritto da\" \/>\n\t<meta name=\"twitter:data1\" content=\"admin\" \/>\n\t<meta name=\"twitter:label2\" content=\"Tempo di lettura stimato\" \/>\n\t<meta name=\"twitter:data2\" content=\"3 minuti\" \/>\n<script type=\"application\/ld+json\" class=\"yoast-schema-graph\">{\"@context\":\"https:\/\/schema.org\",\"@graph\":[{\"@type\":\"Article\",\"@id\":\"https:\/\/mihajlaw.com\/advokat-aleksandra-stefanovic-na-hr-forumu-konfindustrije-srbija\/#article\",\"isPartOf\":{\"@id\":\"https:\/\/mihajlaw.com\/advokat-aleksandra-stefanovic-na-hr-forumu-konfindustrije-srbija\/\"},\"author\":{\"name\":\"admin\",\"@id\":\"https:\/\/mihajlaw.com\/#\/schema\/person\/bacc49e0f3fb6b7ad305d35f0ca12f32\"},\"headline\":\"Advokat Aleksandra Stefanovi\u0107 na HR forumu Konfindustrije Srbija\",\"datePublished\":\"2024-05-15T21:50:47+00:00\",\"dateModified\":\"2024-05-22T08:07:47+00:00\",\"mainEntityOfPage\":{\"@id\":\"https:\/\/mihajlaw.com\/advokat-aleksandra-stefanovic-na-hr-forumu-konfindustrije-srbija\/\"},\"wordCount\":188,\"publisher\":{\"@id\":\"https:\/\/mihajlaw.com\/#organization\"},\"articleSection\":[\"Vesti\"],\"inLanguage\":\"it-IT\"},{\"@type\":\"WebPage\",\"@id\":\"https:\/\/mihajlaw.com\/advokat-aleksandra-stefanovic-na-hr-forumu-konfindustrije-srbija\/\",\"url\":\"https:\/\/mihajlaw.com\/advokat-aleksandra-stefanovic-na-hr-forumu-konfindustrije-srbija\/\",\"name\":\"Advokat Aleksandra Stefanovi\u0107 na HR forumu Konfindustrije Srbija | Mihaj Law\",\"isPartOf\":{\"@id\":\"https:\/\/mihajlaw.com\/#website\"},\"datePublished\":\"2024-05-15T21:50:47+00:00\",\"dateModified\":\"2024-05-22T08:07:47+00:00\",\"breadcrumb\":{\"@id\":\"https:\/\/mihajlaw.com\/advokat-aleksandra-stefanovic-na-hr-forumu-konfindustrije-srbija\/#breadcrumb\"},\"inLanguage\":\"it-IT\",\"potentialAction\":[{\"@type\":\"ReadAction\",\"target\":[\"https:\/\/mihajlaw.com\/advokat-aleksandra-stefanovic-na-hr-forumu-konfindustrije-srbija\/\"]}]},{\"@type\":\"BreadcrumbList\",\"@id\":\"https:\/\/mihajlaw.com\/advokat-aleksandra-stefanovic-na-hr-forumu-konfindustrije-srbija\/#breadcrumb\",\"itemListElement\":[{\"@type\":\"ListItem\",\"position\":1,\"name\":\"Home\",\"item\":\"https:\/\/mihajlaw.com\/\"},{\"@type\":\"ListItem\",\"position\":2,\"name\":\"Advokat Aleksandra Stefanovi\u0107 na HR forumu Konfindustrije Srbija\"}]},{\"@type\":\"WebSite\",\"@id\":\"https:\/\/mihajlaw.com\/#website\",\"url\":\"https:\/\/mihajlaw.com\/\",\"name\":\"Mihaj Law\",\"description\":\"ADVOKATURA PO MERI KLIJENTA\",\"publisher\":{\"@id\":\"https:\/\/mihajlaw.com\/#organization\"},\"potentialAction\":[{\"@type\":\"SearchAction\",\"target\":{\"@type\":\"EntryPoint\",\"urlTemplate\":\"https:\/\/mihajlaw.com\/?s={search_term_string}\"},\"query-input\":\"required name=search_term_string\"}],\"inLanguage\":\"it-IT\"},{\"@type\":\"Organization\",\"@id\":\"https:\/\/mihajlaw.com\/#organization\",\"name\":\"MIHAJ LAW\",\"url\":\"https:\/\/mihajlaw.com\/\",\"logo\":{\"@type\":\"ImageObject\",\"inLanguage\":\"it-IT\",\"@id\":\"https:\/\/mihajlaw.com\/#\/schema\/logo\/image\/\",\"url\":\"https:\/\/mihajlaw.com\/wp-content\/uploads\/2023\/03\/mijhaj-law-logo-e1678916398425.jpg\",\"contentUrl\":\"https:\/\/mihajlaw.com\/wp-content\/uploads\/2023\/03\/mijhaj-law-logo-e1678916398425.jpg\",\"width\":1373,\"height\":641,\"caption\":\"MIHAJ LAW\"},\"image\":{\"@id\":\"https:\/\/mihajlaw.com\/#\/schema\/logo\/image\/\"}},{\"@type\":\"Person\",\"@id\":\"https:\/\/mihajlaw.com\/#\/schema\/person\/bacc49e0f3fb6b7ad305d35f0ca12f32\",\"name\":\"admin\",\"image\":{\"@type\":\"ImageObject\",\"inLanguage\":\"it-IT\",\"@id\":\"https:\/\/mihajlaw.com\/#\/schema\/person\/image\/\",\"url\":\"https:\/\/secure.gravatar.com\/avatar\/364084f025f3e59455c2c2e9fc970f2f?s=96&d=mm&r=g\",\"contentUrl\":\"https:\/\/secure.gravatar.com\/avatar\/364084f025f3e59455c2c2e9fc970f2f?s=96&d=mm&r=g\",\"caption\":\"admin\"},\"sameAs\":[\"https:\/\/mihajlaw.com\"],\"url\":\"https:\/\/mihajlaw.com\/it\/author\/mihadmin\/\"}]}<\/script>\n<!-- \/ Yoast SEO plugin. -->","yoast_head_json":{"title":"Advokat Aleksandra Stefanovi\u0107 na HR forumu Konfindustrije Srbija | Mihaj Law","robots":{"index":"index","follow":"follow","max-snippet":"max-snippet:-1","max-image-preview":"max-image-preview:large","max-video-preview":"max-video-preview:-1"},"canonical":"https:\/\/mihajlaw.com\/it\/advokat-aleksandra-stefanovic-na-hr-forumu-konfindustrije-srbija\/","og_locale":"it_IT","og_type":"article","og_title":"Advokat Aleksandra Stefanovi\u0107 na HR forumu Konfindustrije Srbija | Mihaj Law","og_description":"24. MAJ. 2024. Advokat Aleksandra Stefanovi\u0107 na HR Forumu Konfindustrije Srbije | U organizaciji Konfindustrije Srbije odr\u017ean je novi susret HR Foruma. Susret je za\u00a0fokus imao aktuelne teme u vezi sa primenom odredbi Zakona o strancima i Zakona o zapo\u0161ljavanju stranaca, a \u010dija je primena zvani\u010dno otpo\u010dela pre \u010detiri meseca. Tokom prvog dela susreta,\u00a0advokat na\u0161e [&hellip;]","og_url":"https:\/\/mihajlaw.com\/it\/advokat-aleksandra-stefanovic-na-hr-forumu-konfindustrije-srbija\/","og_site_name":"Mihaj Law","article_published_time":"2024-05-15T21:50:47+00:00","article_modified_time":"2024-05-22T08:07:47+00:00","og_image":[{"width":2560,"height":1615,"url":"https:\/\/mihajlaw.com\/wp-content\/uploads\/2024\/05\/HR-Forum-Konfindustrija-Srbije-1715262457403-scaled.jpeg","type":"image\/jpeg"}],"author":"admin","twitter_card":"summary_large_image","twitter_misc":{"Scritto da":"admin","Tempo di lettura stimato":"3 minuti"},"schema":{"@context":"https:\/\/schema.org","@graph":[{"@type":"Article","@id":"https:\/\/mihajlaw.com\/advokat-aleksandra-stefanovic-na-hr-forumu-konfindustrije-srbija\/#article","isPartOf":{"@id":"https:\/\/mihajlaw.com\/advokat-aleksandra-stefanovic-na-hr-forumu-konfindustrije-srbija\/"},"author":{"name":"admin","@id":"https:\/\/mihajlaw.com\/#\/schema\/person\/bacc49e0f3fb6b7ad305d35f0ca12f32"},"headline":"Advokat Aleksandra Stefanovi\u0107 na HR forumu Konfindustrije Srbija","datePublished":"2024-05-15T21:50:47+00:00","dateModified":"2024-05-22T08:07:47+00:00","mainEntityOfPage":{"@id":"https:\/\/mihajlaw.com\/advokat-aleksandra-stefanovic-na-hr-forumu-konfindustrije-srbija\/"},"wordCount":188,"publisher":{"@id":"https:\/\/mihajlaw.com\/#organization"},"articleSection":["Vesti"],"inLanguage":"it-IT"},{"@type":"WebPage","@id":"https:\/\/mihajlaw.com\/advokat-aleksandra-stefanovic-na-hr-forumu-konfindustrije-srbija\/","url":"https:\/\/mihajlaw.com\/advokat-aleksandra-stefanovic-na-hr-forumu-konfindustrije-srbija\/","name":"Advokat Aleksandra Stefanovi\u0107 na HR forumu Konfindustrije Srbija | Mihaj Law","isPartOf":{"@id":"https:\/\/mihajlaw.com\/#website"},"datePublished":"2024-05-15T21:50:47+00:00","dateModified":"2024-05-22T08:07:47+00:00","breadcrumb":{"@id":"https:\/\/mihajlaw.com\/advokat-aleksandra-stefanovic-na-hr-forumu-konfindustrije-srbija\/#breadcrumb"},"inLanguage":"it-IT","potentialAction":[{"@type":"ReadAction","target":["https:\/\/mihajlaw.com\/advokat-aleksandra-stefanovic-na-hr-forumu-konfindustrije-srbija\/"]}]},{"@type":"BreadcrumbList","@id":"https:\/\/mihajlaw.com\/advokat-aleksandra-stefanovic-na-hr-forumu-konfindustrije-srbija\/#breadcrumb","itemListElement":[{"@type":"ListItem","position":1,"name":"Home","item":"https:\/\/mihajlaw.com\/"},{"@type":"ListItem","position":2,"name":"Advokat Aleksandra Stefanovi\u0107 na HR forumu Konfindustrije Srbija"}]},{"@type":"WebSite","@id":"https:\/\/mihajlaw.com\/#website","url":"https:\/\/mihajlaw.com\/","name":"Mihaj Law","description":"ADVOKATURA PO MERI KLIJENTA","publisher":{"@id":"https:\/\/mihajlaw.com\/#organization"},"potentialAction":[{"@type":"SearchAction","target":{"@type":"EntryPoint","urlTemplate":"https:\/\/mihajlaw.com\/?s={search_term_string}"},"query-input":"required name=search_term_string"}],"inLanguage":"it-IT"},{"@type":"Organization","@id":"https:\/\/mihajlaw.com\/#organization","name":"MIHAJ LAW.","url":"https:\/\/mihajlaw.com\/","logo":{"@type":"ImageObject","inLanguage":"it-IT","@id":"https:\/\/mihajlaw.com\/#\/schema\/logo\/image\/","url":"https:\/\/mihajlaw.com\/wp-content\/uploads\/2023\/03\/mijhaj-law-logo-e1678916398425.jpg","contentUrl":"https:\/\/mihajlaw.com\/wp-content\/uploads\/2023\/03\/mijhaj-law-logo-e1678916398425.jpg","width":1373,"height":641,"caption":"MIHAJ LAW"},"image":{"@id":"https:\/\/mihajlaw.com\/#\/schema\/logo\/image\/"}},{"@type":"Person","@id":"https:\/\/mihajlaw.com\/#\/schema\/person\/bacc49e0f3fb6b7ad305d35f0ca12f32","name":"admin","image":{"@type":"ImageObject","inLanguage":"it-IT","@id":"https:\/\/mihajlaw.com\/#\/schema\/person\/image\/","url":"https:\/\/secure.gravatar.com\/avatar\/364084f025f3e59455c2c2e9fc970f2f?s=96&d=mm&r=g","contentUrl":"https:\/\/secure.gravatar.com\/avatar\/364084f025f3e59455c2c2e9fc970f2f?s=96&d=mm&r=g","caption":"admin"},"sameAs":["https:\/\/mihajlaw.com"],"url":"https:\/\/mihajlaw.com\/it\/author\/mihadmin\/"}]}},"_links":{"self":[{"href":"https:\/\/mihajlaw.com\/it\/wp-json\/wp\/v2\/posts\/6206"}],"collection":[{"href":"https:\/\/mihajlaw.com\/it\/wp-json\/wp\/v2\/posts"}],"about":[{"href":"https:\/\/mihajlaw.com\/it\/wp-json\/wp\/v2\/types\/post"}],"author":[{"embeddable":true,"href":"https:\/\/mihajlaw.com\/it\/wp-json\/wp\/v2\/users\/1"}],"replies":[{"embeddable":true,"href":"https:\/\/mihajlaw.com\/it\/wp-json\/wp\/v2\/comments?post=6206"}],"version-history":[{"count":15,"href":"https:\/\/mihajlaw.com\/it\/wp-json\/wp\/v2\/posts\/6206\/revisions"}],"predecessor-version":[{"id":6239,"href":"https:\/\/mihajlaw.com\/it\/wp-json\/wp\/v2\/posts\/6206\/revisions\/6239"}],"wp:featuredmedia":[{"embeddable":true,"href":"https:\/\/mihajlaw.com\/it\/wp-json\/wp\/v2\/media\/6208"}],"wp:attachment":[{"href":"https:\/\/mihajlaw.com\/it\/wp-json\/wp\/v2\/media?parent=6206"}],"wp:term":[{"taxonomy":"category","embeddable":true,"href":"https:\/\/mihajlaw.com\/it\/wp-json\/wp\/v2\/categories?post=6206"},{"taxonomy":"post_tag","embeddable":true,"href":"https:\/\/mihajlaw.com\/it\/wp-json\/wp\/v2\/tags?post=6206"}],"curies":[{"name":"wp","href":"https:\/\/api.w.org\/{rel}","templated":true}]}}