{"id":6223,"date":"2024-05-16T10:51:30","date_gmt":"2024-05-16T10:51:30","guid":{"rendered":"https:\/\/mihajlaw.com\/?p=6223"},"modified":"2024-05-16T11:24:23","modified_gmt":"2024-05-16T11:24:23","slug":"advokat-vladimir-mihaj-u-poseti-konfindustrije-u-eu","status":"publish","type":"post","link":"https:\/\/mihajlaw.com\/it\/advokat-vladimir-mihaj-u-poseti-konfindustrije-u-eu\/","title":{"rendered":"ADVOKAT VLADIMIR MIHAJ U POSETI KONFINDUSTRIJE U EU"},"content":{"rendered":"<hr>\n<ul>\n<li>\n<p>        <img decoding=\"async\" src=\"\/wp-content\/uploads\/2024\/05\/ADVOKAT-VLADIMIR-MIHAJ-U-POSETI-KONFINDUSTRIJE-U-EU-BRISEL-MAJ-24-br-2.jpg\" alt=\"\"><\/p>\n<\/li>\n<li>\n<p>        <img decoding=\"async\" src=\"\/wp-content\/uploads\/2024\/05\/ADVOKAT-VLADIMIR-MIHAJ-U-POSETI-KONFINDUSTRIJE-U-EU-BRISEL-MAJ-24-br-3.jpg\" alt=\"\"><\/p>\n<\/li>\n<\/ul>\n<p><img decoding=\"async\" src=\"\/wp-content\/uploads\/2024\/05\/ADVOKAT-VLADIMIR-MIHAJ-U-POSETI-KONFINDUSTRIJE-U-EU-BRISEL-MAJ-24-br-4.jpg\" alt=\"\"><br \/>\n<img decoding=\"async\" src=\"\/wp-content\/uploads\/2024\/05\/ADVOKAT-VLADIMIR-MIHAJ-U-POSETI-KONFINDUSTRIJE-U-EU-BRISEL-MAJ-24-br-1.jpg\" alt=\"\"><\/p>\n<h2>BRISEL, 16. MAJ. 2024.<\/h2>\n<h1>\n<p class=\"p1\">ADVOKAT VLADIMIR MIHAJ U POSETI KONFINDUSTRIJE U EU<\/p>\n<\/h1>\n<div>\n<p>| Delegacija Konfindustrije Srbija, \u010diji su predstavnici bili na\u0161 advokat Vladimir Mihaj, kao probiviro udru\u017eenja, zajedno sa advokatom Sun\u010dicom Nikoli\u0107 tako\u0111e provibirom i Antoniom Schirom iz generalnog saveta udru\u017eenja, 14. i 15. maja\u00a0je posetila Brisel, u cilju pokretanja razgovora o va\u017enim temama od interesa za sva Me\u0111unarodna predstavni\u0161tva Konfindustrije koja su deo Konfindustrije Est Europa.\u00a0Posetu je organizovala <a href=\"https:\/\/www.linkedin.com\/company\/confindustria-est-europa\/\">Confindustria Est Europa<\/a> u\u00a0saradnji sa\u00a0delegacijom Konfindustrije u Evropskoj Uniji.<\/p>\n<p class=\"p1\">Ova poseta je bila odli\u010dna prilika da se razgovara o\u00a0 zna\u010dajnim temama, od pro\u0161irenja EU do pretpristupnih fondova; od fondova Erazmus+ i HorizonEurope, do strukturnih fondova za ja\u010danje ekonomske, socijalne i teritorijalne kohezije.<span class=\"Apple-converted-space\">\u00a0<\/span><\/p>\n<p class=\"p1\">Bila je \u010dast biti deo ove zna\u010dajne evropske inicijative.<\/p>\n<\/div>\n<div>\n<p>        <img decoding=\"async\" src=\"\/wp-content\/uploads\/2023\/02\/2-DSC_3448-_1-R-KADAR-FIN-copy.png\" alt=\"\"><\/p>\n<h4>AUTOR<\/h4>\n<p>Aleksandra Radovi\u0107 &#8211; Marjanovi\u0107<\/p>\n<p><a href=\"#\"><\/a><\/p>\n<\/div>\n<h2>VESTI<\/h2>\n<div>\n<\/div>\n<h2>Vesti<\/h2>\n<div>\n<\/div>\n<p><!--more--><br \/>\n<!-- {\"type\":\"layout\",\"children\":[{\"type\":\"section\",\"props\":{\"image_position\":\"center-center\",\"style\":\"default\",\"title_breakpoint\":\"xl\",\"title_position\":\"top-left\",\"title_rotation\":\"left\",\"vertical_align\":\"middle\",\"width\":\"default\"},\"children\":[{\"type\":\"row\",\"props\":{\"column_gap\":\"large\",\"layout\":\"3-4,1-4\"},\"children\":[{\"type\":\"column\",\"props\":{\"image_position\":\"center-center\",\"media_overlay_gradient\":\"\",\"position_sticky_breakpoint\":\"m\",\"width_medium\":\"3-4\",\"width_small\":\"2-3\"},\"children\":[{\"type\":\"divider\",\"props\":{\"divider_element\":\"hr\"}},{\"type\":\"breadcrumbs\",\"props\":{\"margin\":\"small\",\"show_current\":false,\"show_home\":false}},{\"type\":\"gallery\",\"props\":{\"filter_align\":\"left\",\"filter_all\":true,\"filter_grid_breakpoint\":\"m\",\"filter_grid_width\":\"auto\",\"filter_position\":\"top\",\"filter_style\":\"tab\",\"grid_column_gap\":\"small\",\"grid_default\":\"1\",\"grid_medium\":\"\",\"grid_row_gap\":\"small\",\"grid_small\":\"2\",\"image_loading\":true,\"image_width\":\"610\",\"item_animation\":true,\"link_style\":\"default\",\"link_text\":\"Read more\",\"margin\":\"\",\"meta_align\":\"below-title\",\"meta_element\":\"div\",\"meta_style\":\"text-meta\",\"overlay_hover\":true,\"overlay_mode\":\"cover\",\"overlay_position\":\"center\",\"overlay_style\":\"\",\"overlay_transition\":\"fade\",\"parallax_easing\":\"1\",\"show_content\":true,\"show_hover_image\":true,\"show_link\":true,\"show_meta\":true,\"show_title\":false,\"text_align\":\"center\",\"text_color\":\"light\",\"title_element\":\"h3\",\"title_hover_style\":\"reset\"},\"children\":[{\"type\":\"gallery_item\",\"props\":{\"image\":\"wp-content\\\/uploads\\\/2024\\\/05\\\/ADVOKAT-VLADIMIR-MIHAJ-U-POSETI-KONFINDUSTRIJE-U-EU-BRISEL-MAJ-24-br-2.jpg\",\"title\":\"\"}},{\"type\":\"gallery_item\",\"props\":{\"image\":\"wp-content\\\/uploads\\\/2024\\\/05\\\/ADVOKAT-VLADIMIR-MIHAJ-U-POSETI-KONFINDUSTRIJE-U-EU-BRISEL-MAJ-24-br-3.jpg\",\"title\":\"\"}}]},{\"type\":\"image\",\"props\":{\"image\":\"wp-content\\\/uploads\\\/2024\\\/05\\\/ADVOKAT-VLADIMIR-MIHAJ-U-POSETI-KONFINDUSTRIJE-U-EU-BRISEL-MAJ-24-br-4.jpg\",\"image_svg_color\":\"emphasis\",\"margin\":\"default\"}},{\"type\":\"image\",\"props\":{\"image\":\"wp-content\\\/uploads\\\/2024\\\/05\\\/ADVOKAT-VLADIMIR-MIHAJ-U-POSETI-KONFINDUSTRIJE-U-EU-BRISEL-MAJ-24-br-1.jpg\",\"image_svg_color\":\"emphasis\",\"margin\":\"default\"}},{\"type\":\"headline\",\"props\":{\"content\":\"BRISEL, 16. MAJ. 2024.\",\"margin\":\"small\",\"title_color\":\"primary\",\"title_decoration\":\"bullet\",\"title_element\":\"h2\",\"title_style\":\"h5\",\"visibility\":\"m\"},\"name\":\"Headline\"},{\"type\":\"headline\",\"props\":{\"content\":\"\n\n<p class=\\\"p1\\\">ADVOKAT VLADIMIR MIHAJ U POSETI KONFINDUSTRIJE U EU<\\\/p>\",\"margin\":\"default\",\"title_element\":\"h1\"}},{\"type\":\"text\",\"props\":{\"column_breakpoint\":\"m\",\"content\":\"\n\n<p>| Delegacija Konfindustrije Srbija, \\u010diji su predstavnici bili na\\u0161 advokat Vladimir Mihaj, kao probiviro udru\\u017eenja, zajedno sa advokatom Sun\\u010dicom Nikoli\\u0107 tako\\u0111e provibirom i Antoniom Schirom iz generalnog saveta udru\\u017eenja, 14. i 15. maja\\u00a0je posetila Brisel, u cilju pokretanja razgovora o va\\u017enim temama od interesa za sva Me\\u0111unarodna predstavni\\u0161tva Konfindustrije koja su deo Konfindustrije Est Europa.\\u00a0Posetu je organizovala <a href=\\\"https:\\\/\\\/www.linkedin.com\\\/company\\\/confindustria-est-europa\\\/\\\">Confindustria Est Europa<\\\/a> u\\u00a0saradnji sa\\u00a0delegacijom Konfindustrije u Evropskoj Uniji.<\\\/p>\\n\n\n<p class=\\\"p1\\\">Ova poseta je bila odli\\u010dna prilika da se razgovara o\\u00a0 zna\\u010dajnim temama, od pro\\u0161irenja EU do pretpristupnih fondova; od fondova Erazmus+ i HorizonEurope, do strukturnih fondova za ja\\u010danje ekonomske, socijalne i teritorijalne kohezije.<span class=\\\"Apple-converted-space\\\">\\u00a0<\\\/span><\\\/p>\\n\n\n<p class=\\\"p1\\\">Bila je \\u010dast biti deo ove zna\\u010dajne evropske inicijative.<\\\/p>\",\"dropcap\":false,\"margin\":\"default\"}}]},{\"type\":\"column\",\"props\":{\"image_position\":\"center-center\",\"media_overlay_gradient\":\"\",\"position_sticky_breakpoint\":\"m\",\"width_medium\":\"1-4\",\"width_small\":\"1-3\"},\"children\":[{\"type\":\"panel\",\"props\":{\"_condition\":true,\"content\":\"\",\"content_column_breakpoint\":\"m\",\"content_margin\":\"remove\",\"content_style\":\"h6\",\"icon_width\":80,\"image\":\"wp-content\\\/uploads\\\/2023\\\/02\\\/2-DSC_3448-_1-R-KADAR-FIN-copy.png\",\"image_align\":\"left\",\"image_alt\":\"\",\"image_border\":\"circle\",\"image_grid_breakpoint\":\"\",\"image_grid_column_gap\":\"medium\",\"image_grid_width\":\"auto\",\"image_height\":\"90\",\"image_svg_color\":\"emphasis\",\"image_vertical_align\":true,\"image_width\":\"90\",\"link\":\"#\",\"link_style\":\"default\",\"link_text\":\"\",\"margin\":\"default\",\"meta\":\"Aleksandra Radovi\\u0107 - Marjanovi\\u0107\",\"meta_align\":\"below-title\",\"meta_color\":\"muted\",\"meta_element\":\"div\",\"meta_style\":\"text-small\",\"panel_link\":true,\"panel_padding\":\"small\",\"panel_style\":\"tile-muted\",\"title\":\"AUTOR\",\"title_align\":\"top\",\"title_element\":\"h4\",\"title_grid_breakpoint\":\"m\",\"title_grid_width\":\"1-2\",\"title_hover_style\":\"reset\",\"title_style\":\"h5\",\"visibility\":\"m\"}},{\"type\":\"headline\",\"props\":{\"content\":\"VESTI\",\"title_color\":\"muted\",\"title_decoration\":\"line\",\"title_element\":\"h2\",\"title_style\":\"h5\",\"visibility\":\"m\"},\"name\":\"Headline\"},{\"type\":\"text\",\"props\":{\"column_breakpoint\":\"m\",\"content\":\"\",\"margin\":\"small\"}},{\"type\":\"grid\",\"props\":{\"content_column_breakpoint\":\"m\",\"filter_align\":\"left\",\"filter_all\":true,\"filter_grid_breakpoint\":\"m\",\"filter_grid_width\":\"auto\",\"filter_position\":\"top\",\"filter_style\":\"tab\",\"grid_default\":\"1\",\"grid_divider\":true,\"grid_medium\":\"\",\"grid_row_gap\":\"small\",\"icon_width\":\"\",\"image_align\":\"left\",\"image_grid_breakpoint\":\"\",\"image_grid_column_gap\":\"small\",\"image_grid_row_gap\":\"medium\",\"image_grid_width\":\"auto\",\"image_height\":\"80\",\"image_link\":true,\"image_svg_color\":\"emphasis\",\"image_vertical_align\":true,\"image_width\":\"80\",\"item_animation\":true,\"link_style\":\"default\",\"link_text\":\"\",\"margin\":\"default\",\"meta_align\":\"below-title\",\"meta_color\":\"muted\",\"meta_element\":\"div\",\"meta_style\":\"text-small\",\"parallax_easing\":\"1\",\"show_content\":true,\"show_image\":true,\"show_link\":true,\"show_meta\":true,\"show_title\":true,\"title_align\":\"top\",\"title_element\":\"h3\",\"title_grid_breakpoint\":\"m\",\"title_grid_width\":\"1-2\",\"title_hover_style\":\"reset\",\"title_link\":true,\"title_style\":\"h6\",\"visibility\":\"m\"},\"children\":[{\"type\":\"grid_item\",\"source\":{\"query\":{\"name\":\"posts.customPosts\",\"arguments\":{\"terms\":[8],\"category_operator\":\"IN\",\"post_tag_operator\":\"IN\",\"users\":[],\"users_operator\":\"IN\",\"offset\":0,\"limit\":5,\"order\":\"date\",\"order_direction\":\"DESC\"}},\"props\":{\"title\":{\"filters\":{\"search\":\"\"},\"name\":\"title\"},\"meta\":{\"filters\":{\"search\":\"\",\"date\":\"m.Y\"},\"name\":\"date\"},\"image\":{\"filters\":{\"search\":\"\"},\"name\":\"featuredImage.url\"},\"link\":{\"filters\":{\"search\":\"\"},\"name\":\"link\"}}}}],\"name\":\"post sidebar\"}]}]},{\"type\":\"row\",\"children\":[{\"type\":\"column\",\"props\":{\"image_position\":\"center-center\",\"media_overlay_gradient\":\"\",\"position_sticky_breakpoint\":\"m\"},\"children\":[{\"type\":\"headline\",\"props\":{\"content\":\"Vesti\",\"title_decoration\":\"line\",\"title_element\":\"h2\",\"title_style\":\"h4\",\"visibility\":\"hidden-m\"},\"name\":\"Headline\"},{\"type\":\"grid\",\"props\":{\"content_column_breakpoint\":\"m\",\"filter_align\":\"left\",\"filter_all\":true,\"filter_grid_breakpoint\":\"m\",\"filter_grid_width\":\"auto\",\"filter_position\":\"top\",\"filter_style\":\"tab\",\"grid_default\":\"1\",\"grid_divider\":true,\"grid_medium\":\"\",\"grid_row_gap\":\"small\",\"icon_width\":\"\",\"image_align\":\"left\",\"image_grid_breakpoint\":\"\",\"image_grid_column_gap\":\"small\",\"image_grid_row_gap\":\"medium\",\"image_grid_width\":\"auto\",\"image_height\":\"80\",\"image_link\":true,\"image_svg_color\":\"emphasis\",\"image_vertical_align\":true,\"image_width\":\"80\",\"item_animation\":true,\"link_style\":\"default\",\"link_text\":\"\",\"margin\":\"default\",\"meta_align\":\"below-title\",\"meta_element\":\"div\",\"meta_style\":\"text-meta\",\"parallax_easing\":\"1\",\"show_content\":true,\"show_image\":true,\"show_link\":true,\"show_meta\":true,\"show_title\":true,\"title_align\":\"top\",\"title_element\":\"h3\",\"title_grid_breakpoint\":\"m\",\"title_grid_width\":\"1-2\",\"title_hover_style\":\"reset\",\"title_link\":true,\"title_style\":\"h5\",\"visibility\":\"hidden-m\"},\"children\":[{\"type\":\"grid_item\",\"source\":{\"query\":{\"name\":\"posts.customPosts\",\"arguments\":{\"terms\":[8],\"category_operator\":\"IN\",\"post_tag_operator\":\"IN\",\"users\":[],\"users_operator\":\"IN\",\"offset\":0,\"limit\":5,\"order\":\"date\",\"order_direction\":\"DESC\"}},\"props\":{\"title\":{\"filters\":{\"search\":\"\"},\"name\":\"title\"},\"image\":{\"filters\":{\"search\":\"\"},\"name\":\"featuredImage.url\"},\"link\":{\"filters\":{\"search\":\"\"},\"name\":\"link\"},\"meta\":{\"filters\":{\"search\":\"\",\"date\":\"m.Y\"},\"name\":\"date\"}}}}]}]}]}],\"name\":\"BLOG FORMA\"}],\"version\":\"3.0.23\"} --><\/p>","protected":false},"excerpt":{"rendered":"<p>BRISEL, 16. MAJ. 2024. ADVOKAT VLADIMIR MIHAJ U POSETI KONFINDUSTRIJE U EU | Delegacija Konfindustrije Srbija, \u010diji su predstavnici bili na\u0161 advokat Vladimir Mihaj, kao probiviro udru\u017eenja, zajedno sa advokatom Sun\u010dicom Nikoli\u0107 tako\u0111e provibirom i Antoniom Schirom iz generalnog saveta udru\u017eenja, 14. i 15. maja\u00a0je posetila Brisel, u cilju pokretanja razgovora o va\u017enim temama od [&hellip;]<\/p>","protected":false},"author":1,"featured_media":6224,"comment_status":"closed","ping_status":"closed","sticky":false,"template":"","format":"standard","meta":[],"categories":[8],"tags":[],"yoast_head":"<!-- This site is optimized with the Yoast SEO plugin v20.3 - https:\/\/yoast.com\/wordpress\/plugins\/seo\/ -->\n<title>ADVOKAT VLADIMIR MIHAJ U POSETI KONFINDUSTRIJE U EU | Mihaj Law<\/title>\n<meta name=\"robots\" content=\"index, follow, max-snippet:-1, max-image-preview:large, max-video-preview:-1\" \/>\n<link rel=\"canonical\" href=\"https:\/\/mihajlaw.com\/it\/advokat-vladimir-mihaj-u-poseti-konfindustrije-u-eu\/\" \/>\n<meta property=\"og:locale\" content=\"it_IT\" \/>\n<meta property=\"og:type\" content=\"article\" \/>\n<meta property=\"og:title\" content=\"ADVOKAT VLADIMIR MIHAJ U POSETI KONFINDUSTRIJE U EU | Mihaj Law\" \/>\n<meta property=\"og:description\" content=\"BRISEL, 16. MAJ. 2024. ADVOKAT VLADIMIR MIHAJ U POSETI KONFINDUSTRIJE U EU | Delegacija Konfindustrije Srbija, \u010diji su predstavnici bili na\u0161 advokat Vladimir Mihaj, kao probiviro udru\u017eenja, zajedno sa advokatom Sun\u010dicom Nikoli\u0107 tako\u0111e provibirom i Antoniom Schirom iz generalnog saveta udru\u017eenja, 14. i 15. maja\u00a0je posetila Brisel, u cilju pokretanja razgovora o va\u017enim temama od [&hellip;]\" \/>\n<meta property=\"og:url\" content=\"https:\/\/mihajlaw.com\/it\/advokat-vladimir-mihaj-u-poseti-konfindustrije-u-eu\/\" \/>\n<meta property=\"og:site_name\" content=\"Mihaj Law\" \/>\n<meta property=\"article:published_time\" content=\"2024-05-16T10:51:30+00:00\" \/>\n<meta property=\"article:modified_time\" content=\"2024-05-16T11:24:23+00:00\" \/>\n<meta property=\"og:image\" content=\"https:\/\/mihajlaw.com\/wp-content\/uploads\/2024\/05\/ADVOKAT-VLADIMIR-MIHAJ-U-POSETI-KONFINDUSTRIJE-U-EU-BRISEL-MAJ-24-br-1.jpg\" \/>\n\t<meta property=\"og:image:width\" content=\"1200\" \/>\n\t<meta property=\"og:image:height\" content=\"900\" \/>\n\t<meta property=\"og:image:type\" content=\"image\/jpeg\" \/>\n<meta name=\"author\" content=\"admin\" \/>\n<meta name=\"twitter:card\" content=\"summary_large_image\" \/>\n<meta name=\"twitter:label1\" content=\"Scritto da\" \/>\n\t<meta name=\"twitter:data1\" content=\"admin\" \/>\n<script type=\"application\/ld+json\" class=\"yoast-schema-graph\">{\"@context\":\"https:\/\/schema.org\",\"@graph\":[{\"@type\":\"Article\",\"@id\":\"https:\/\/mihajlaw.com\/advokat-vladimir-mihaj-u-poseti-konfindustrije-u-eu\/#article\",\"isPartOf\":{\"@id\":\"https:\/\/mihajlaw.com\/advokat-vladimir-mihaj-u-poseti-konfindustrije-u-eu\/\"},\"author\":{\"name\":\"admin\",\"@id\":\"https:\/\/mihajlaw.com\/#\/schema\/person\/bacc49e0f3fb6b7ad305d35f0ca12f32\"},\"headline\":\"ADVOKAT VLADIMIR MIHAJ U POSETI KONFINDUSTRIJE U EU\",\"datePublished\":\"2024-05-16T10:51:30+00:00\",\"dateModified\":\"2024-05-16T11:24:23+00:00\",\"mainEntityOfPage\":{\"@id\":\"https:\/\/mihajlaw.com\/advokat-vladimir-mihaj-u-poseti-konfindustrije-u-eu\/\"},\"wordCount\":146,\"publisher\":{\"@id\":\"https:\/\/mihajlaw.com\/#organization\"},\"articleSection\":[\"Vesti\"],\"inLanguage\":\"it-IT\"},{\"@type\":\"WebPage\",\"@id\":\"https:\/\/mihajlaw.com\/advokat-vladimir-mihaj-u-poseti-konfindustrije-u-eu\/\",\"url\":\"https:\/\/mihajlaw.com\/advokat-vladimir-mihaj-u-poseti-konfindustrije-u-eu\/\",\"name\":\"ADVOKAT VLADIMIR MIHAJ U POSETI KONFINDUSTRIJE U EU | Mihaj Law\",\"isPartOf\":{\"@id\":\"https:\/\/mihajlaw.com\/#website\"},\"datePublished\":\"2024-05-16T10:51:30+00:00\",\"dateModified\":\"2024-05-16T11:24:23+00:00\",\"breadcrumb\":{\"@id\":\"https:\/\/mihajlaw.com\/advokat-vladimir-mihaj-u-poseti-konfindustrije-u-eu\/#breadcrumb\"},\"inLanguage\":\"it-IT\",\"potentialAction\":[{\"@type\":\"ReadAction\",\"target\":[\"https:\/\/mihajlaw.com\/advokat-vladimir-mihaj-u-poseti-konfindustrije-u-eu\/\"]}]},{\"@type\":\"BreadcrumbList\",\"@id\":\"https:\/\/mihajlaw.com\/advokat-vladimir-mihaj-u-poseti-konfindustrije-u-eu\/#breadcrumb\",\"itemListElement\":[{\"@type\":\"ListItem\",\"position\":1,\"name\":\"Home\",\"item\":\"https:\/\/mihajlaw.com\/\"},{\"@type\":\"ListItem\",\"position\":2,\"name\":\"ADVOKAT VLADIMIR MIHAJ U POSETI KONFINDUSTRIJE U EU\"}]},{\"@type\":\"WebSite\",\"@id\":\"https:\/\/mihajlaw.com\/#website\",\"url\":\"https:\/\/mihajlaw.com\/\",\"name\":\"Mihaj Law\",\"description\":\"ADVOKATURA PO MERI KLIJENTA\",\"publisher\":{\"@id\":\"https:\/\/mihajlaw.com\/#organization\"},\"potentialAction\":[{\"@type\":\"SearchAction\",\"target\":{\"@type\":\"EntryPoint\",\"urlTemplate\":\"https:\/\/mihajlaw.com\/?s={search_term_string}\"},\"query-input\":\"required name=search_term_string\"}],\"inLanguage\":\"it-IT\"},{\"@type\":\"Organization\",\"@id\":\"https:\/\/mihajlaw.com\/#organization\",\"name\":\"MIHAJ LAW\",\"url\":\"https:\/\/mihajlaw.com\/\",\"logo\":{\"@type\":\"ImageObject\",\"inLanguage\":\"it-IT\",\"@id\":\"https:\/\/mihajlaw.com\/#\/schema\/logo\/image\/\",\"url\":\"https:\/\/mihajlaw.com\/wp-content\/uploads\/2023\/03\/mijhaj-law-logo-e1678916398425.jpg\",\"contentUrl\":\"https:\/\/mihajlaw.com\/wp-content\/uploads\/2023\/03\/mijhaj-law-logo-e1678916398425.jpg\",\"width\":1373,\"height\":641,\"caption\":\"MIHAJ LAW\"},\"image\":{\"@id\":\"https:\/\/mihajlaw.com\/#\/schema\/logo\/image\/\"}},{\"@type\":\"Person\",\"@id\":\"https:\/\/mihajlaw.com\/#\/schema\/person\/bacc49e0f3fb6b7ad305d35f0ca12f32\",\"name\":\"admin\",\"image\":{\"@type\":\"ImageObject\",\"inLanguage\":\"it-IT\",\"@id\":\"https:\/\/mihajlaw.com\/#\/schema\/person\/image\/\",\"url\":\"https:\/\/secure.gravatar.com\/avatar\/364084f025f3e59455c2c2e9fc970f2f?s=96&d=mm&r=g\",\"contentUrl\":\"https:\/\/secure.gravatar.com\/avatar\/364084f025f3e59455c2c2e9fc970f2f?s=96&d=mm&r=g\",\"caption\":\"admin\"},\"sameAs\":[\"https:\/\/mihajlaw.com\"],\"url\":\"https:\/\/mihajlaw.com\/it\/author\/mihadmin\/\"}]}<\/script>\n<!-- \/ Yoast SEO plugin. -->","yoast_head_json":{"title":"ADVOKAT VLADIMIR MIHAJ U POSETI KONFINDUSTRIJE U EU | Mihaj Law","robots":{"index":"index","follow":"follow","max-snippet":"max-snippet:-1","max-image-preview":"max-image-preview:large","max-video-preview":"max-video-preview:-1"},"canonical":"https:\/\/mihajlaw.com\/it\/advokat-vladimir-mihaj-u-poseti-konfindustrije-u-eu\/","og_locale":"it_IT","og_type":"article","og_title":"ADVOKAT VLADIMIR MIHAJ U POSETI KONFINDUSTRIJE U EU | Mihaj Law","og_description":"BRISEL, 16. MAJ. 2024. ADVOKAT VLADIMIR MIHAJ U POSETI KONFINDUSTRIJE U EU | Delegacija Konfindustrije Srbija, \u010diji su predstavnici bili na\u0161 advokat Vladimir Mihaj, kao probiviro udru\u017eenja, zajedno sa advokatom Sun\u010dicom Nikoli\u0107 tako\u0111e provibirom i Antoniom Schirom iz generalnog saveta udru\u017eenja, 14. i 15. maja\u00a0je posetila Brisel, u cilju pokretanja razgovora o va\u017enim temama od [&hellip;]","og_url":"https:\/\/mihajlaw.com\/it\/advokat-vladimir-mihaj-u-poseti-konfindustrije-u-eu\/","og_site_name":"Mihaj Law","article_published_time":"2024-05-16T10:51:30+00:00","article_modified_time":"2024-05-16T11:24:23+00:00","og_image":[{"width":1200,"height":900,"url":"https:\/\/mihajlaw.com\/wp-content\/uploads\/2024\/05\/ADVOKAT-VLADIMIR-MIHAJ-U-POSETI-KONFINDUSTRIJE-U-EU-BRISEL-MAJ-24-br-1.jpg","type":"image\/jpeg"}],"author":"admin","twitter_card":"summary_large_image","twitter_misc":{"Scritto da":"admin"},"schema":{"@context":"https:\/\/schema.org","@graph":[{"@type":"Article","@id":"https:\/\/mihajlaw.com\/advokat-vladimir-mihaj-u-poseti-konfindustrije-u-eu\/#article","isPartOf":{"@id":"https:\/\/mihajlaw.com\/advokat-vladimir-mihaj-u-poseti-konfindustrije-u-eu\/"},"author":{"name":"admin","@id":"https:\/\/mihajlaw.com\/#\/schema\/person\/bacc49e0f3fb6b7ad305d35f0ca12f32"},"headline":"ADVOKAT VLADIMIR MIHAJ U POSETI KONFINDUSTRIJE U EU","datePublished":"2024-05-16T10:51:30+00:00","dateModified":"2024-05-16T11:24:23+00:00","mainEntityOfPage":{"@id":"https:\/\/mihajlaw.com\/advokat-vladimir-mihaj-u-poseti-konfindustrije-u-eu\/"},"wordCount":146,"publisher":{"@id":"https:\/\/mihajlaw.com\/#organization"},"articleSection":["Vesti"],"inLanguage":"it-IT"},{"@type":"WebPage","@id":"https:\/\/mihajlaw.com\/advokat-vladimir-mihaj-u-poseti-konfindustrije-u-eu\/","url":"https:\/\/mihajlaw.com\/advokat-vladimir-mihaj-u-poseti-konfindustrije-u-eu\/","name":"ADVOKAT VLADIMIR MIHAJ U POSETI KONFINDUSTRIJE U EU | Mihaj Law","isPartOf":{"@id":"https:\/\/mihajlaw.com\/#website"},"datePublished":"2024-05-16T10:51:30+00:00","dateModified":"2024-05-16T11:24:23+00:00","breadcrumb":{"@id":"https:\/\/mihajlaw.com\/advokat-vladimir-mihaj-u-poseti-konfindustrije-u-eu\/#breadcrumb"},"inLanguage":"it-IT","potentialAction":[{"@type":"ReadAction","target":["https:\/\/mihajlaw.com\/advokat-vladimir-mihaj-u-poseti-konfindustrije-u-eu\/"]}]},{"@type":"BreadcrumbList","@id":"https:\/\/mihajlaw.com\/advokat-vladimir-mihaj-u-poseti-konfindustrije-u-eu\/#breadcrumb","itemListElement":[{"@type":"ListItem","position":1,"name":"Home","item":"https:\/\/mihajlaw.com\/"},{"@type":"ListItem","position":2,"name":"ADVOKAT VLADIMIR MIHAJ U POSETI KONFINDUSTRIJE U EU"}]},{"@type":"WebSite","@id":"https:\/\/mihajlaw.com\/#website","url":"https:\/\/mihajlaw.com\/","name":"Mihaj Law","description":"ADVOKATURA PO MERI KLIJENTA","publisher":{"@id":"https:\/\/mihajlaw.com\/#organization"},"potentialAction":[{"@type":"SearchAction","target":{"@type":"EntryPoint","urlTemplate":"https:\/\/mihajlaw.com\/?s={search_term_string}"},"query-input":"required name=search_term_string"}],"inLanguage":"it-IT"},{"@type":"Organization","@id":"https:\/\/mihajlaw.com\/#organization","name":"MIHAJ LAW.","url":"https:\/\/mihajlaw.com\/","logo":{"@type":"ImageObject","inLanguage":"it-IT","@id":"https:\/\/mihajlaw.com\/#\/schema\/logo\/image\/","url":"https:\/\/mihajlaw.com\/wp-content\/uploads\/2023\/03\/mijhaj-law-logo-e1678916398425.jpg","contentUrl":"https:\/\/mihajlaw.com\/wp-content\/uploads\/2023\/03\/mijhaj-law-logo-e1678916398425.jpg","width":1373,"height":641,"caption":"MIHAJ LAW"},"image":{"@id":"https:\/\/mihajlaw.com\/#\/schema\/logo\/image\/"}},{"@type":"Person","@id":"https:\/\/mihajlaw.com\/#\/schema\/person\/bacc49e0f3fb6b7ad305d35f0ca12f32","name":"admin","image":{"@type":"ImageObject","inLanguage":"it-IT","@id":"https:\/\/mihajlaw.com\/#\/schema\/person\/image\/","url":"https:\/\/secure.gravatar.com\/avatar\/364084f025f3e59455c2c2e9fc970f2f?s=96&d=mm&r=g","contentUrl":"https:\/\/secure.gravatar.com\/avatar\/364084f025f3e59455c2c2e9fc970f2f?s=96&d=mm&r=g","caption":"admin"},"sameAs":["https:\/\/mihajlaw.com"],"url":"https:\/\/mihajlaw.com\/it\/author\/mihadmin\/"}]}},"_links":{"self":[{"href":"https:\/\/mihajlaw.com\/it\/wp-json\/wp\/v2\/posts\/6223"}],"collection":[{"href":"https:\/\/mihajlaw.com\/it\/wp-json\/wp\/v2\/posts"}],"about":[{"href":"https:\/\/mihajlaw.com\/it\/wp-json\/wp\/v2\/types\/post"}],"author":[{"embeddable":true,"href":"https:\/\/mihajlaw.com\/it\/wp-json\/wp\/v2\/users\/1"}],"replies":[{"embeddable":true,"href":"https:\/\/mihajlaw.com\/it\/wp-json\/wp\/v2\/comments?post=6223"}],"version-history":[{"count":8,"href":"https:\/\/mihajlaw.com\/it\/wp-json\/wp\/v2\/posts\/6223\/revisions"}],"predecessor-version":[{"id":6235,"href":"https:\/\/mihajlaw.com\/it\/wp-json\/wp\/v2\/posts\/6223\/revisions\/6235"}],"wp:featuredmedia":[{"embeddable":true,"href":"https:\/\/mihajlaw.com\/it\/wp-json\/wp\/v2\/media\/6224"}],"wp:attachment":[{"href":"https:\/\/mihajlaw.com\/it\/wp-json\/wp\/v2\/media?parent=6223"}],"wp:term":[{"taxonomy":"category","embeddable":true,"href":"https:\/\/mihajlaw.com\/it\/wp-json\/wp\/v2\/categories?post=6223"},{"taxonomy":"post_tag","embeddable":true,"href":"https:\/\/mihajlaw.com\/it\/wp-json\/wp\/v2\/tags?post=6223"}],"curies":[{"name":"wp","href":"https:\/\/api.w.org\/{rel}","templated":true}]}}